{"id":438508,"date":"2023-09-03T10:12:01","date_gmt":"2023-09-03T14:12:01","guid":{"rendered":"https:\/\/omh-ohcc.ca\/hu\/?p=438508"},"modified":"2023-09-09T10:17:13","modified_gmt":"2023-09-09T14:17:13","slug":"az-omh-rtv-adasa-2023-szeptember-3-an","status":"publish","type":"post","link":"https:\/\/omh-ohcc.ca\/hu\/az-omh-rtv-adasa-2023-szeptember-3-an\/","title":{"rendered":"Az OMH RTV ad\u00e1sa 2023. szeptember 3-\u00e1n"},"content":{"rendered":"<p>Magyar Csal\u00e1di Nap Ottaw\u00e1ban &#8211; Magyar \u00e9telek, italok, zene, t\u00e1nc<\/p>\n<p><iframe loading=\"lazy\" title=\"Magyar Csal\u00e1di Nap Ottaw\u00e1ban - Magyar \u00e9telek, italok, zene, t\u00e1nc\" width=\"800\" height=\"450\" src=\"https:\/\/www.youtube.com\/embed\/dAtC0470DU8?feature=oembed\" frameborder=\"0\" allow=\"accelerometer; autoplay; clipboard-write; encrypted-media; gyroscope; picture-in-picture; web-share\" allowfullscreen><\/iframe><\/p>\n","protected":false},"excerpt":{"rendered":"<p>Magyar Csal\u00e1di Nap Ottaw\u00e1ban &#8211; Magyar \u00e9telek, italok, zene, t\u00e1nc<\/p>\n","protected":false},"author":3,"featured_media":0,"comment_status":"closed","ping_status":"closed","sticky":false,"template":"","format":"standard","meta":[],"categories":[39],"tags":[],"views":468,"_links":{"self":[{"href":"https:\/\/omh-ohcc.ca\/hu\/wp-json\/wp\/v2\/posts\/438508"}],"collection":[{"href":"https:\/\/omh-ohcc.ca\/hu\/wp-json\/wp\/v2\/posts"}],"about":[{"href":"https:\/\/omh-ohcc.ca\/hu\/wp-json\/wp\/v2\/types\/post"}],"author":[{"embeddable":true,"href":"https:\/\/omh-ohcc.ca\/hu\/wp-json\/wp\/v2\/users\/3"}],"replies":[{"embeddable":true,"href":"https:\/\/omh-ohcc.ca\/hu\/wp-json\/wp\/v2\/comments?post=438508"}],"version-history":[{"count":1,"href":"https:\/\/omh-ohcc.ca\/hu\/wp-json\/wp\/v2\/posts\/438508\/revisions"}],"predecessor-version":[{"id":438510,"href":"https:\/\/omh-ohcc.ca\/hu\/wp-json\/wp\/v2\/posts\/438508\/revisions\/438510"}],"wp:attachment":[{"href":"https:\/\/omh-ohcc.ca\/hu\/wp-json\/wp\/v2\/media?parent=438508"}],"wp:term":[{"taxonomy":"category","embeddable":true,"href":"https:\/\/omh-ohcc.ca\/hu\/wp-json\/wp\/v2\/categories?post=438508"},{"taxonomy":"post_tag","embeddable":true,"href":"https:\/\/omh-ohcc.ca\/hu\/wp-json\/wp\/v2\/tags?post=438508"}],"curies":[{"name":"wp","href":"https:\/\/api.w.org\/{rel}","templated":true}]}}