{"id":438397,"date":"2023-06-09T20:04:41","date_gmt":"2023-06-10T00:04:41","guid":{"rendered":"https:\/\/omh-ohcc.ca\/hu\/?p=438397"},"modified":"2023-06-19T20:06:54","modified_gmt":"2023-06-20T00:06:54","slug":"az-omh-rtv-adasa-2023-junius-9-en","status":"publish","type":"post","link":"https:\/\/omh-ohcc.ca\/hu\/az-omh-rtv-adasa-2023-junius-9-en\/","title":{"rendered":"Az OMH RTV ad\u00e1sa 2023. j\u00fanius 9-\u00e9n"},"content":{"rendered":"<p>Nemzeti \u00f6sszetartoz\u00e1s napja az Ottawai Magyar H\u00e1zban<\/p>\n<p><iframe loading=\"lazy\" title=\"Megeml\u00e9kez\u00e9s az Ottawai Magyar H\u00e1zban\" width=\"800\" height=\"450\" src=\"https:\/\/www.youtube.com\/embed\/z5VhlnP22bI?feature=oembed\" frameborder=\"0\" allow=\"accelerometer; autoplay; clipboard-write; encrypted-media; gyroscope; picture-in-picture; web-share\" allowfullscreen><\/iframe><\/p>\n","protected":false},"excerpt":{"rendered":"<p>Nemzeti \u00f6sszetartoz\u00e1s napja az Ottawai Magyar H\u00e1zban<\/p>\n","protected":false},"author":3,"featured_media":0,"comment_status":"closed","ping_status":"closed","sticky":false,"template":"","format":"standard","meta":[],"categories":[39],"tags":[],"views":505,"_links":{"self":[{"href":"https:\/\/omh-ohcc.ca\/hu\/wp-json\/wp\/v2\/posts\/438397"}],"collection":[{"href":"https:\/\/omh-ohcc.ca\/hu\/wp-json\/wp\/v2\/posts"}],"about":[{"href":"https:\/\/omh-ohcc.ca\/hu\/wp-json\/wp\/v2\/types\/post"}],"author":[{"embeddable":true,"href":"https:\/\/omh-ohcc.ca\/hu\/wp-json\/wp\/v2\/users\/3"}],"replies":[{"embeddable":true,"href":"https:\/\/omh-ohcc.ca\/hu\/wp-json\/wp\/v2\/comments?post=438397"}],"version-history":[{"count":1,"href":"https:\/\/omh-ohcc.ca\/hu\/wp-json\/wp\/v2\/posts\/438397\/revisions"}],"predecessor-version":[{"id":438399,"href":"https:\/\/omh-ohcc.ca\/hu\/wp-json\/wp\/v2\/posts\/438397\/revisions\/438399"}],"wp:attachment":[{"href":"https:\/\/omh-ohcc.ca\/hu\/wp-json\/wp\/v2\/media?parent=438397"}],"wp:term":[{"taxonomy":"category","embeddable":true,"href":"https:\/\/omh-ohcc.ca\/hu\/wp-json\/wp\/v2\/categories?post=438397"},{"taxonomy":"post_tag","embeddable":true,"href":"https:\/\/omh-ohcc.ca\/hu\/wp-json\/wp\/v2\/tags?post=438397"}],"curies":[{"name":"wp","href":"https:\/\/api.w.org\/{rel}","templated":true}]}}