{"id":438185,"date":"2022-11-29T18:56:36","date_gmt":"2022-11-29T23:56:36","guid":{"rendered":"https:\/\/omh-ohcc.ca\/hu\/?p=438185"},"modified":"2022-12-02T12:44:41","modified_gmt":"2022-12-02T17:44:41","slug":"diaszpora-felsooktatasi-osztondijprogram","status":"publish","type":"post","link":"https:\/\/omh-ohcc.ca\/hu\/diaszpora-felsooktatasi-osztondijprogram\/","title":{"rendered":"Diaszp\u00f3ra Fels\u0151oktat\u00e1si \u00d6szt\u00f6nd\u00edjprogram"},"content":{"rendered":"<p>\u00d6r\u00f6mmel t\u00e1j\u00e9koztatjuk az ottawai magyar k\u00f6z\u00f6ss\u00e9g fiataljait, hogy el\u00e9rhet\u0151v\u00e9 v\u00e1lt a Diaszp\u00f3ra Fels\u0151oktat\u00e1si \u00d6szt\u00f6nd\u00edjprogram \u00faj p\u00e1ly\u00e1zati ki\u00edr\u00e1sa a 2023\/2024-es tan\u00e9vre.<br \/>\nA Diaszp\u00f3ra Fels\u0151oktat\u00e1si \u00d6szt\u00f6nd\u00edjprogramot Magyarorsz\u00e1g Korm\u00e1nya alap\u00edtotta azok sz\u00e1m\u00e1ra, akik az Eur\u00f3p\u00e1n k\u00edv\u00fcli magyar diaszp\u00f3r\u00e1ban \u00e9lnek \u00e9s magyarorsz\u00e1gi fels\u0151oktat\u00e1si int\u00e9zm\u00e9nyben k\u00edv\u00e1nnak tanulm\u00e1nyokat folytatni annak \u00e9rdek\u00e9ben, hogy er\u0151s\u00edts\u00e9k szem\u00e9lyes, szakmai, valamint kultur\u00e1lis kapcsolataikat Magyarorsz\u00e1ggal.<br \/>\nA Diaszp\u00f3ra \u00f6szt\u00f6nd\u00edjas nemzetk\u00f6zileg elismert v\u00e9gzetts\u00e9get szerezhet a legjobb magyar fels\u0151oktat\u00e1si int\u00e9zm\u00e9nyek valamelyik\u00e9n\u00e9l, mik\u00f6zben a szem\u00e9lyes \u00e9s tanulm\u00e1nyi fejl\u0151d\u00e9shez n\u00e9lk\u00fcl\u00f6zhetetlen versenyk\u00e9pes tud\u00e1sra tesz szert. Magyar nyelv\u0171 szakok sz\u00e9les k\u00edn\u00e1lat\u00e1b\u00f3l v\u00e1logathat minden fels\u0151oktat\u00e1si ter\u00fclet b\u00e1rmely k\u00e9pz\u00e9si szintj\u00e9n.<br \/>\nAz \u00f6szt\u00f6nd\u00edjprogram felt\u00e9telrendszer\u00e9vel kapcsolatos tudnival\u00f3k megtal\u00e1lhat\u00f3k az al\u00e1bbi webc\u00edmeken:<\/p>\n<p><a href=\"https:\/\/diasporascholarship.hu\/hu\/\" rel=\"noopener\" target=\"_blank\">https:\/\/diasporascholarship.hu\/hu\/<\/a><br \/>\n<a href=\"https:\/\/www.facebook.com\/hungariandiasporascholarship\/\" rel=\"noopener\" target=\"_blank\">https:\/\/www.facebook.com\/hungariandiasporascholarship\/<\/a><\/p>\n<p>Az \u00f6szt\u00f6nd\u00edjprogram rendezv\u00e9nyeir\u0151l k\u00e9sz\u00fclt vide\u00f3kat megtal\u00e1lj\u00e1k az al\u00e1bbi YouTube csatorn\u00e1n:<\/p>\n<p><a href=\"https:\/\/www.youtube.com\/channel\/UCV_qiOo99sXhQKMW5jFlxCg\" rel=\"noopener\" target=\"_blank\">https:\/\/www.youtube.com\/channel\/UCV_qiOo99sXhQKMW5jFlxCg<\/a><\/p>\n","protected":false},"excerpt":{"rendered":"<p>\u00d6r\u00f6mmel t\u00e1j\u00e9koztatjuk az ottawai magyar k\u00f6z\u00f6ss\u00e9g fiataljait, hogy el\u00e9rhet\u0151v\u00e9 v\u00e1lt a Diaszp\u00f3ra Fels\u0151oktat\u00e1si \u00d6szt\u00f6nd\u00edjprogram \u00faj p\u00e1ly\u00e1zati ki\u00edr\u00e1sa a 2023\/2024-es tan\u00e9vre. A Diaszp\u00f3ra Fels\u0151oktat\u00e1si \u00d6szt\u00f6nd\u00edjprogramot Magyarorsz\u00e1g Korm\u00e1nya alap\u00edtotta azok sz\u00e1m\u00e1ra, akik az Eur\u00f3p\u00e1n k\u00edv\u00fcli magyar diaszp\u00f3r\u00e1ban \u00e9lnek \u00e9s magyarorsz\u00e1gi fels\u0151oktat\u00e1si int\u00e9zm\u00e9nyben k\u00edv\u00e1nnak tanulm\u00e1nyokat folytatni annak \u00e9rdek\u00e9ben, hogy er\u0151s\u00edts\u00e9k szem\u00e9lyes, szakmai, valamint kultur\u00e1lis kapcsolataikat Magyarorsz\u00e1ggal. A Diaszp\u00f3ra [&hellip;]<\/p>\n","protected":false},"author":39,"featured_media":0,"comment_status":"closed","ping_status":"closed","sticky":false,"template":"","format":"standard","meta":[],"categories":[26],"tags":[],"views":918,"_links":{"self":[{"href":"https:\/\/omh-ohcc.ca\/hu\/wp-json\/wp\/v2\/posts\/438185"}],"collection":[{"href":"https:\/\/omh-ohcc.ca\/hu\/wp-json\/wp\/v2\/posts"}],"about":[{"href":"https:\/\/omh-ohcc.ca\/hu\/wp-json\/wp\/v2\/types\/post"}],"author":[{"embeddable":true,"href":"https:\/\/omh-ohcc.ca\/hu\/wp-json\/wp\/v2\/users\/39"}],"replies":[{"embeddable":true,"href":"https:\/\/omh-ohcc.ca\/hu\/wp-json\/wp\/v2\/comments?post=438185"}],"version-history":[{"count":4,"href":"https:\/\/omh-ohcc.ca\/hu\/wp-json\/wp\/v2\/posts\/438185\/revisions"}],"predecessor-version":[{"id":438189,"href":"https:\/\/omh-ohcc.ca\/hu\/wp-json\/wp\/v2\/posts\/438185\/revisions\/438189"}],"wp:attachment":[{"href":"https:\/\/omh-ohcc.ca\/hu\/wp-json\/wp\/v2\/media?parent=438185"}],"wp:term":[{"taxonomy":"category","embeddable":true,"href":"https:\/\/omh-ohcc.ca\/hu\/wp-json\/wp\/v2\/categories?post=438185"},{"taxonomy":"post_tag","embeddable":true,"href":"https:\/\/omh-ohcc.ca\/hu\/wp-json\/wp\/v2\/tags?post=438185"}],"curies":[{"name":"wp","href":"https:\/\/api.w.org\/{rel}","templated":true}]}}