{"id":438112,"date":"2022-10-26T21:11:28","date_gmt":"2022-10-27T01:11:28","guid":{"rendered":"https:\/\/omh-ohcc.ca\/hu\/?p=438112"},"modified":"2022-10-26T21:11:42","modified_gmt":"2022-10-27T01:11:42","slug":"a-reformacio-unnepe","status":"publish","type":"post","link":"https:\/\/omh-ohcc.ca\/hu\/a-reformacio-unnepe\/","title":{"rendered":"A reform\u00e1ci\u00f3 \u00fcnnepe"},"content":{"rendered":"<p><a href=\"\/kep\/be\/hireink\/20200412-urvacsora\/urvacsora-k.jpg\" target=\"none\" rel=\"noopener\"><img decoding=\"async\" class=\"alignright\" src=\"\/kep\/be\/hireink\/20200412-urvacsora\/urvacsora-k.jpg\" alt=\"k\u00e9p\" width=\"240\" \/><\/a>Az ottawai K\u00e1lvin Magyar Reform\u00e1tus gy\u00fclekezet szeretettel h\u00edvja \u00e9s v\u00e1rja minden kedves h\u00edv\u00e9t a reform\u00e1ci\u00f3 eml\u00e9knapja alkalm\u00e1b\u00f3l, \u00farvacsor\u00e1val egybek\u00f6t\u00f6tt, magyar nyelv\u0171 istentisztelet\u00e9re. <\/p>\n<p>Id\u0151pont:<br \/>\n2022. okt\u00f3ber 30. (vas\u00e1rnap)<br \/>\nd\u00e9lut\u00e1n 1 \u00f3r\u00e1t\u00f3l<\/p>\n<p>Helysz\u00edn:<br \/>\nGloucester Presbiteri\u00e1nus templom<br \/>\n91 Pike Street<br \/>\nOttawa, ON, K1T 3J6<\/p>\n<p>Ig\u00e9t hirdet Nt. P\u00e9ter L\u00e1szl\u00f3 reform\u00e1tus lelkip\u00e1sztor.<\/p>\n<p>Sz\u00e1jmaszk haszn\u00e1lata az istentisztelet alatt m\u00e1r nem k\u00f6telez\u0151, de hordhat\u00f3.<\/p>\n<p>Tov\u00e1bbi inform\u00e1ci\u00f3 a gy\u00fclekezet <a href=\"http:\/\/calvinhungarian.org\/hirek\/\" rel=\"noopener\" target=\"_blank\">honlapj\u00e1n<\/a> kaphat\u00f3:<\/p>\n","protected":false},"excerpt":{"rendered":"<p>Az ottawai K\u00e1lvin Magyar Reform\u00e1tus gy\u00fclekezet szeretettel h\u00edvja \u00e9s v\u00e1rja minden kedves h\u00edv\u00e9t a reform\u00e1ci\u00f3 eml\u00e9knapja alkalm\u00e1b\u00f3l, \u00farvacsor\u00e1val egybek\u00f6t\u00f6tt, magyar nyelv\u0171 istentisztelet\u00e9re. Id\u0151pont: 2022. okt\u00f3ber 30. (vas\u00e1rnap) d\u00e9lut\u00e1n 1 \u00f3r\u00e1t\u00f3l Helysz\u00edn: Gloucester Presbiteri\u00e1nus templom 91 Pike Street Ottawa, ON, K1T 3J6 Ig\u00e9t hirdet Nt. P\u00e9ter L\u00e1szl\u00f3 reform\u00e1tus lelkip\u00e1sztor. Sz\u00e1jmaszk haszn\u00e1lata az istentisztelet alatt m\u00e1r nem [&hellip;]<\/p>\n","protected":false},"author":39,"featured_media":0,"comment_status":"closed","ping_status":"closed","sticky":false,"template":"","format":"standard","meta":[],"categories":[26],"tags":[],"views":720,"_links":{"self":[{"href":"https:\/\/omh-ohcc.ca\/hu\/wp-json\/wp\/v2\/posts\/438112"}],"collection":[{"href":"https:\/\/omh-ohcc.ca\/hu\/wp-json\/wp\/v2\/posts"}],"about":[{"href":"https:\/\/omh-ohcc.ca\/hu\/wp-json\/wp\/v2\/types\/post"}],"author":[{"embeddable":true,"href":"https:\/\/omh-ohcc.ca\/hu\/wp-json\/wp\/v2\/users\/39"}],"replies":[{"embeddable":true,"href":"https:\/\/omh-ohcc.ca\/hu\/wp-json\/wp\/v2\/comments?post=438112"}],"version-history":[{"count":1,"href":"https:\/\/omh-ohcc.ca\/hu\/wp-json\/wp\/v2\/posts\/438112\/revisions"}],"predecessor-version":[{"id":438113,"href":"https:\/\/omh-ohcc.ca\/hu\/wp-json\/wp\/v2\/posts\/438112\/revisions\/438113"}],"wp:attachment":[{"href":"https:\/\/omh-ohcc.ca\/hu\/wp-json\/wp\/v2\/media?parent=438112"}],"wp:term":[{"taxonomy":"category","embeddable":true,"href":"https:\/\/omh-ohcc.ca\/hu\/wp-json\/wp\/v2\/categories?post=438112"},{"taxonomy":"post_tag","embeddable":true,"href":"https:\/\/omh-ohcc.ca\/hu\/wp-json\/wp\/v2\/tags?post=438112"}],"curies":[{"name":"wp","href":"https:\/\/api.w.org\/{rel}","templated":true}]}}