{"id":437865,"date":"2022-04-09T17:50:53","date_gmt":"2022-04-09T21:50:53","guid":{"rendered":"https:\/\/omh-ohcc.ca\/hu\/?p=437865"},"modified":"2022-05-17T22:06:33","modified_gmt":"2022-05-18T02:06:33","slug":"tavaszi-tanctabor","status":"publish","type":"post","link":"https:\/\/omh-ohcc.ca\/hu\/tavaszi-tanctabor\/","title":{"rendered":"Tavaszi t\u00e1nct\u00e1bor"},"content":{"rendered":"<p><a href=\"\/kep\/160\/be\/rendezveny\/tanctabor\/tucsoktabor.jpg\" target=\"none\" rel=\"noopener\"><img decoding=\"async\" class=\"alignleft\" src=\"\/kep\/160\/be\/rendezveny\/tanctabor\/tucsok_tabor-k.jpg\" alt=\"k\u00e9p\" width=\"160\" \/><\/a><br \/>\nEgy kellemes h\u00e9tv\u00e9gi s\u00e1toroz\u00e1sra ny\u00edlik alkalom m\u00e1jus 20-\u00e1n a Sonrisa Farms-on (Alexandria, North Glengarry, ON), ahol csal\u00e1di t\u00e1nct\u00e1bort \u00e1ll\u00edtanak Paquette Szilvi \u00e9s Paulusz Jeszika kezdem\u00e9nyez\u00e9s\u00e9vel. A m\u0171soron v\u00e1ltozatos n\u00e9pt\u00e1nc lesz n\u00e9pi hangszer- \u00e9s \u00e9nek oktat\u00e1ssal kieg\u00e9sz\u00edtve.<\/p>\n<p>A szervez\u0151k szeretettel v\u00e1rj\u00e1k a magyar n\u00e9pi kult\u00fara ir\u00e1nt \u00e9rdekl\u0151d\u0151ket, amit itt lelkes fiatalok t\u00e1rsas\u00e1g\u00e1ban \u00edzlelhetnek meg.<\/p>\n<p>Jelentkez\u00e9s, \u00e1rak \u00e9s minden egy\u00e9b inform\u00e1ci\u00f3 megtal\u00e1lhat\u00f3 az al\u00e1bbi kapcsolatra kattintva:<br \/>\n<a href=\"https:\/\/docs.google.com\/forms\/d\/1Q1jEUyMo0svWpz5FU3OUPHyAjm4Vt-FkvAXWjfFkA8g\/edit\" rel=\"noopener\" target=\"_blank\">Feliratkoz\u00e1s<\/a><\/p>\n","protected":false},"excerpt":{"rendered":"<p>Egy kellemes h\u00e9tv\u00e9gi s\u00e1toroz\u00e1sra ny\u00edlik alkalom m\u00e1jus 20-\u00e1n a Sonrisa Farms-on (Alexandria, North Glengarry, ON), ahol csal\u00e1di t\u00e1nct\u00e1bort \u00e1ll\u00edtanak Paquette Szilvi \u00e9s Paulusz Jeszika kezdem\u00e9nyez\u00e9s\u00e9vel. A m\u0171soron v\u00e1ltozatos n\u00e9pt\u00e1nc lesz n\u00e9pi hangszer- \u00e9s \u00e9nek oktat\u00e1ssal kieg\u00e9sz\u00edtve. A szervez\u0151k szeretettel v\u00e1rj\u00e1k a magyar n\u00e9pi kult\u00fara ir\u00e1nt \u00e9rdekl\u0151d\u0151ket, amit itt lelkes fiatalok t\u00e1rsas\u00e1g\u00e1ban \u00edzlelhetnek meg. Jelentkez\u00e9s, \u00e1rak [&hellip;]<\/p>\n","protected":false},"author":39,"featured_media":0,"comment_status":"closed","ping_status":"closed","sticky":false,"template":"","format":"standard","meta":[],"categories":[26,32],"tags":[],"views":875,"_links":{"self":[{"href":"https:\/\/omh-ohcc.ca\/hu\/wp-json\/wp\/v2\/posts\/437865"}],"collection":[{"href":"https:\/\/omh-ohcc.ca\/hu\/wp-json\/wp\/v2\/posts"}],"about":[{"href":"https:\/\/omh-ohcc.ca\/hu\/wp-json\/wp\/v2\/types\/post"}],"author":[{"embeddable":true,"href":"https:\/\/omh-ohcc.ca\/hu\/wp-json\/wp\/v2\/users\/39"}],"replies":[{"embeddable":true,"href":"https:\/\/omh-ohcc.ca\/hu\/wp-json\/wp\/v2\/comments?post=437865"}],"version-history":[{"count":16,"href":"https:\/\/omh-ohcc.ca\/hu\/wp-json\/wp\/v2\/posts\/437865\/revisions"}],"predecessor-version":[{"id":437910,"href":"https:\/\/omh-ohcc.ca\/hu\/wp-json\/wp\/v2\/posts\/437865\/revisions\/437910"}],"wp:attachment":[{"href":"https:\/\/omh-ohcc.ca\/hu\/wp-json\/wp\/v2\/media?parent=437865"}],"wp:term":[{"taxonomy":"category","embeddable":true,"href":"https:\/\/omh-ohcc.ca\/hu\/wp-json\/wp\/v2\/categories?post=437865"},{"taxonomy":"post_tag","embeddable":true,"href":"https:\/\/omh-ohcc.ca\/hu\/wp-json\/wp\/v2\/tags?post=437865"}],"curies":[{"name":"wp","href":"https:\/\/api.w.org\/{rel}","templated":true}]}}