{"id":436285,"date":"2020-08-02T20:00:52","date_gmt":"2020-08-03T00:00:52","guid":{"rendered":"https:\/\/omh-ohcc.ca\/hu\/?p=436285"},"modified":"2020-08-01T18:15:05","modified_gmt":"2020-08-01T22:15:05","slug":"2020-augusztus-2-i-radioadas","status":"publish","type":"post","link":"https:\/\/omh-ohcc.ca\/hu\/2020-augusztus-2-i-radioadas\/","title":{"rendered":"2020 augusztus 2-i r\u00e1di\u00f3ad\u00e1s"},"content":{"rendered":"<p><strong>Tartalom<\/strong><\/p>\n<ul>\n<li>Magyar klasszikusok \u2013 Finta G\u00e1bor bemutat\u00f3ja<\/li>\n<ul>\n<li>Hangverseny (Finta G\u00e1bor)<\/li>\n<li>Frederic Chopin: Nocturne in E flat (Aday Keve)<\/li>\n<\/ul>\n<ul>\n<li>Bagatell, mint m\u0171faj (Finta G\u00e1bor)<\/li>\n<li>Bart\u00f3k B\u00e9la: Bagatell Op. 6 No. 11 (Abbey Sugars-Keen)<\/li>\n<\/ul>\n<ul>\n<li>Heller &#8211; Budapest (Finta G\u00e1bor)<\/li>\n<li>Stephen Heller: Etude in D minor (Aday Keve)<\/li>\n<\/ul>\n<ul>\n<li>Short pieces by Schumann (Finta G\u00e1bor)<\/li>\n<li>Robert Schumann: Aufschwung (Abbey Sugars-Keen)<\/li>\n<\/ul>\n<ul>\n<li>Besz\u00e9lget\u00e9s Aday Kev\u00e9vel \u00e9s Aday Jutk\u00e1val az Ottawai Magyar H\u00e1zban (Aday Keve, Aday Jutka, T\u00f3th Magdolna)<\/li>\n<\/ul>\n<li>Az OMH \u00e9s k\u00f6z\u00f6ss\u00e9g\u00fcnk h\u00edrei<\/li>\n<li>Salve Regina chanted (Choir des moines du Barroux)<\/li>\n<li>M\u00f3ricz P\u00e1l (Szeri B\u00e9la)<\/li>\n<li>Hajd\u00fat\u00e1nc (A Liszt Ferenc Zenem\u0171v\u00e9szeti F\u0151iskola Kamarazenekara, P\u00e9csi G\u00e9za)<\/li>\n<li>A magyar irodalom nyom\u00e1ban 4 (Talla Mariann)<\/li>\n<li>Totus floreo (Arany Zolt\u00e1n, Alberto Casas)<\/li>\n<li>Besz\u00e9lget\u00e9s Szab\u00f3 D\u00e1niel &#8211; jazz-zen\u00e9sszel az Ottawai Magyar Nagyk\u00f6vets\u00e9gen-2019 (Szab\u00f3 D\u00e1niel, T\u00f3th Magdolna)<\/li>\n<li>Gus Kahn: I&#8217;ll See You In My Dreams (Diana Krall)<\/li>\n<li>Gordon Lightfoot: If You Could Read My Mind  (Diana Krall, Sarah McLachlan)<\/li>\n<\/ul>\n<p>Bek\u00fcld\u00f6tt rekl\u00e1mmentes anyag: <div class=\"sc_fancy_player_container\"><!--[if lt IE 9]><script>document.createElement('audio');<\/script><![endif]-->\n<audio class=\"wp-audio-shortcode\" id=\"audio-436285-1\" preload=\"none\" style=\"width: 100%;\" controls=\"controls\"><source type=\"audio\/mpeg\" src=\"\/hang\/radio\/2020\/OMHradio-20200802.mp3?_=1\" \/><a href=\"\/hang\/radio\/2020\/OMHradio-20200802.mp3\">\/hang\/radio\/2020\/OMHradio-20200802.mp3<\/a><\/audio><\/div><\/p>\n","protected":false},"excerpt":{"rendered":"<p>Tartalom Magyar klasszikusok \u2013 Finta G\u00e1bor bemutat\u00f3ja Hangverseny (Finta G\u00e1bor) Frederic Chopin: Nocturne in E flat (Aday Keve) Bagatell, mint m\u0171faj (Finta G\u00e1bor) Bart\u00f3k B\u00e9la: Bagatell Op. 6 No. 11 (Abbey Sugars-Keen) Heller &#8211; Budapest (Finta G\u00e1bor) Stephen Heller: Etude in D minor (Aday Keve) Short pieces by Schumann (Finta G\u00e1bor) Robert Schumann: Aufschwung (Abbey [&hellip;]<\/p>\n","protected":false},"author":3,"featured_media":0,"comment_status":"closed","ping_status":"closed","sticky":false,"template":"","format":"standard","meta":[],"categories":[28],"tags":[],"views":877,"_links":{"self":[{"href":"https:\/\/omh-ohcc.ca\/hu\/wp-json\/wp\/v2\/posts\/436285"}],"collection":[{"href":"https:\/\/omh-ohcc.ca\/hu\/wp-json\/wp\/v2\/posts"}],"about":[{"href":"https:\/\/omh-ohcc.ca\/hu\/wp-json\/wp\/v2\/types\/post"}],"author":[{"embeddable":true,"href":"https:\/\/omh-ohcc.ca\/hu\/wp-json\/wp\/v2\/users\/3"}],"replies":[{"embeddable":true,"href":"https:\/\/omh-ohcc.ca\/hu\/wp-json\/wp\/v2\/comments?post=436285"}],"version-history":[{"count":0,"href":"https:\/\/omh-ohcc.ca\/hu\/wp-json\/wp\/v2\/posts\/436285\/revisions"}],"wp:attachment":[{"href":"https:\/\/omh-ohcc.ca\/hu\/wp-json\/wp\/v2\/media?parent=436285"}],"wp:term":[{"taxonomy":"category","embeddable":true,"href":"https:\/\/omh-ohcc.ca\/hu\/wp-json\/wp\/v2\/categories?post=436285"},{"taxonomy":"post_tag","embeddable":true,"href":"https:\/\/omh-ohcc.ca\/hu\/wp-json\/wp\/v2\/tags?post=436285"}],"curies":[{"name":"wp","href":"https:\/\/api.w.org\/{rel}","templated":true}]}}