{"id":436211,"date":"2020-06-14T20:00:10","date_gmt":"2020-06-15T00:00:10","guid":{"rendered":"https:\/\/omh-ohcc.ca\/hu\/?p=436211"},"modified":"2020-06-15T22:09:44","modified_gmt":"2020-06-16T02:09:44","slug":"2020-junius-14-i-radioadas","status":"publish","type":"post","link":"https:\/\/omh-ohcc.ca\/hu\/2020-junius-14-i-radioadas\/","title":{"rendered":"2020 j\u00fanius 14-i r\u00e1di\u00f3ad\u00e1s"},"content":{"rendered":"<p><strong>Tartalom<\/strong><\/p>\n<ul>\n<li>Magyar klasszikusok \u2013 Finta G\u00e1bor bemutat\u00f3ja<\/li>\n<ul>\n<li>Per\u00e9nyi Mikl\u00f3s p\u00e1ly\u00e1ja (Finta G\u00e1bor)<\/li>\n<li>Saint-Saens: The Swan (Per\u00e9nyi, Mikl\u00f3s Kocsis, Zolt\u00e1n)<\/li>\n<\/ul>\n<ul>\n<li>Per\u00e9nyi visszaeml\u00e9kez\u00e9se (Finta G\u00e1bor)<\/li>\n<li>Kod\u00e1ly, Zolt\u00e1n: Cello Sonata ()<\/li>\n<\/ul>\n<li>Az OMH \u00e9s k\u00f6z\u00f6ss\u00e9g\u00fcnk h\u00edrei<\/li>\n<li>\u00c9nek az es\u0151ben<\/li>\n<li>Jeles napok: Ap\u00e1czai Csere J\u00e1nos (T\u00f3th Magdolna)<\/li>\n<li>Jeles napok: Baross G\u00e1bor (T\u00f3th Magdolna)<\/li>\n<li>Cs\u00edk Zenekar: Ez a vonat, ha elindult&#8230; (Cs\u00edk Zenekar)<\/li>\n<li>Jeles napok: B\u00e1nki Don\u00e1t (T\u00f3th Magdolna)<\/li>\n<li>Harmath Imre, M\u00e1rkus Alfr\u00e9d: Meseaut\u00f3 (Perczel Zita, T\u00f6rzs Jen\u0151)<\/li>\n<li>Jeles napok: G\u00e1bor D\u00e9nes (T\u00f3th Magdolna)<\/li>\n<li>D\u00e9s L\u00e1szl\u00f3, Nemes Istv\u00e1n: Van M\u00e9g Id\u0151 (D\u00e9s L\u00e1szl\u00f3)<\/li>\n<li>Nelly Furtado: Try (Nelly Furtado)<\/li>\n<li>Oscar Lopez: Bahia (Oscar Lopez)<\/li>\n<\/ul>\n<p>Bek\u00fcld\u00f6tt rekl\u00e1mmentes anyag: <div class=\"sc_fancy_player_container\"><!--[if lt IE 9]><script>document.createElement('audio');<\/script><![endif]-->\n<audio class=\"wp-audio-shortcode\" id=\"audio-436211-1\" preload=\"none\" style=\"width: 100%;\" controls=\"controls\"><source type=\"audio\/mpeg\" src=\"\/hang\/radio\/2020\/OMHradio-20200614.mp3?_=1\" \/><a href=\"\/hang\/radio\/2020\/OMHradio-20200614.mp3\">\/hang\/radio\/2020\/OMHradio-20200614.mp3<\/a><\/audio><\/div><\/p>\n","protected":false},"excerpt":{"rendered":"<p>Tartalom Magyar klasszikusok \u2013 Finta G\u00e1bor bemutat\u00f3ja Per\u00e9nyi Mikl\u00f3s p\u00e1ly\u00e1ja (Finta G\u00e1bor) Saint-Saens: The Swan (Per\u00e9nyi, Mikl\u00f3s Kocsis, Zolt\u00e1n) Per\u00e9nyi visszaeml\u00e9kez\u00e9se (Finta G\u00e1bor) Kod\u00e1ly, Zolt\u00e1n: Cello Sonata () Az OMH \u00e9s k\u00f6z\u00f6ss\u00e9g\u00fcnk h\u00edrei \u00c9nek az es\u0151ben Jeles napok: Ap\u00e1czai Csere J\u00e1nos (T\u00f3th Magdolna) Jeles napok: Baross G\u00e1bor (T\u00f3th Magdolna) Cs\u00edk Zenekar: Ez a vonat, ha [&hellip;]<\/p>\n","protected":false},"author":3,"featured_media":0,"comment_status":"closed","ping_status":"closed","sticky":false,"template":"","format":"standard","meta":[],"categories":[28],"tags":[],"views":895,"_links":{"self":[{"href":"https:\/\/omh-ohcc.ca\/hu\/wp-json\/wp\/v2\/posts\/436211"}],"collection":[{"href":"https:\/\/omh-ohcc.ca\/hu\/wp-json\/wp\/v2\/posts"}],"about":[{"href":"https:\/\/omh-ohcc.ca\/hu\/wp-json\/wp\/v2\/types\/post"}],"author":[{"embeddable":true,"href":"https:\/\/omh-ohcc.ca\/hu\/wp-json\/wp\/v2\/users\/3"}],"replies":[{"embeddable":true,"href":"https:\/\/omh-ohcc.ca\/hu\/wp-json\/wp\/v2\/comments?post=436211"}],"version-history":[{"count":0,"href":"https:\/\/omh-ohcc.ca\/hu\/wp-json\/wp\/v2\/posts\/436211\/revisions"}],"wp:attachment":[{"href":"https:\/\/omh-ohcc.ca\/hu\/wp-json\/wp\/v2\/media?parent=436211"}],"wp:term":[{"taxonomy":"category","embeddable":true,"href":"https:\/\/omh-ohcc.ca\/hu\/wp-json\/wp\/v2\/categories?post=436211"},{"taxonomy":"post_tag","embeddable":true,"href":"https:\/\/omh-ohcc.ca\/hu\/wp-json\/wp\/v2\/tags?post=436211"}],"curies":[{"name":"wp","href":"https:\/\/api.w.org\/{rel}","templated":true}]}}