{"id":436190,"date":"2020-06-09T02:09:48","date_gmt":"2020-06-09T06:09:48","guid":{"rendered":"https:\/\/omh-ohcc.ca\/hu\/?p=436190"},"modified":"2020-06-21T19:05:36","modified_gmt":"2020-06-21T23:05:36","slug":"a-heidenau-lager-foglyai","status":"publish","type":"post","link":"https:\/\/omh-ohcc.ca\/hu\/a-heidenau-lager-foglyai\/","title":{"rendered":"A Heidenau l\u00e1ger foglyai"},"content":{"rendered":"<p align=\"justify\">Megtekinthet\u0151 imm\u00e1r a Pannon Telev\u00edzi\u00f3 \u201e<a href=\"https:\/\/omh-ohcc.ca\/hu\/radnoti-nyomaban\/\" rel=\"noopener\" target=\"_blank\">Radn\u00f3ti nyom\u00e1ban<\/a>\u201d c\u00edm\u0171 dokumentumfilm-sorozat\u00e1nak tizenharmadik, befejez\u0151 r\u00e9sze.<\/p>\n<p><a href=\"\/kep\/be\/hireink\/20200608-andai\/mint_tanu_szolni.jpg\" target=\"_blank\"><img decoding=\"async\" class=\"alignleft\" src=\"\/kep\/be\/hireink\/20200608-andai\/mint_tanu_szolni.jpg\" width=\"150\" \/><\/a><\/p>\n<p align=\"justify\">1944 nyar\u00e1n a szerbiai Bor melletti r\u00e9zb\u00e1ny\u00e1kban k\u00e9nyszermunk\u00e1ra fogott munkaszolg\u00e1latosok k\u00f6z\u00f6tt tal\u00e1lkozott Radn\u00f3ti Mikl\u00f3ssal az akkor 19 \u00e9ves Andai Ferenc. Mindketten,  m\u00e9g n\u00e9gysz\u00e1z rabt\u00e1rsukkal egy\u00fctt, a Heidenau l\u00e1ger foglyai voltak. Szeptemberben a front k\u00f6zeledt\u00e9vel sorsuk kett\u00e9v\u00e1lt. Radn\u00f3ti gy\u00f6trelmes, v\u00e9gs\u0151 \u00fatj\u00e1t k\u00f6veti a fent eml\u00edtett filmriport. Andai Ferencnek, a jugoszl\u00e1v partiz\u00e1noknak k\u00f6sz\u00f6nhet\u0151en, siker\u00fclt megmenek\u00fclnie. 1957-ben v\u00e9g\u00fcl Kanad\u00e1ban telepedett le \u00e9s nyugd\u00edjas \u00e9veit itt, Ottaw\u00e1ban \u00e9lte. Olykor, alkalomadt\u00e1n tal\u00e1lkozhattunk vele a Magyar H\u00e1zban is.<\/p>\n<p align=\"justify\">2003-ban Budapesten, az Ab Ovo kiad\u00f3n\u00e1l adt\u00e1k ki <em>\u201eMint tanu sz\u00f3lni \u2013 Bori t\u00f6rt\u00e9net\u201d<\/em> c\u00edm\u0171 m\u0171v\u00e9t, amely\u00e9rt 2004-ben Radn\u00f3ti-d\u00edjjal <a href=\"https:\/\/memoirs.azrielifoundation.org\/survivorassets\/ferenc-andai\/Andai_018_1.jpg\" rel=\"noopener\" target=\"_blank\">t\u00fcntett\u00e9k ki<\/a>.<\/p>\n<p><a href=\"\/kep\/be\/hireink\/20200608-andai\/BookCover.jpg\" target=\"_blank\"><img decoding=\"async\" class=\"alignright\" src=\"\/kep\/be\/hireink\/20200608-andai\/BookCover.jpg\" width=\"120\" \/><\/a><\/p>\n<p align=\"justify\">Nem r\u00e9g j\u00f6tt a h\u00edr, hogy ennek a k\u00f6nyvnek angol v\u00e1ltozata is megjelent <em>\u201eIn The Hour Of Fate And Danger\u201d<\/em> c\u00edmmel, Morry Marietta \u00e9s Lynda Muir ford\u00edt\u00e1s\u00e1ban. A k\u00f6nyv megv\u00e1s\u00e1rolhat\u00f3 az Amazon c\u00e9g online h\u00e1l\u00f3zat\u00e1n.<br \/>\nMarietta hossz\u00fa \u00e9veken \u00e1t volt az Ottawai Magyar K\u00f3rus tagja \u00e9s a k\u00f3rus farsangi b\u00e1ljain sz\u00ednj\u00e1tsz\u00f3i min\u0151s\u00e9g\u00e9ben is remekelt. Ehhez a k\u00f6nyv\u00e9hez is gratul\u00e1lunk!<\/p>\n","protected":false},"excerpt":{"rendered":"<p>Megtekinthet\u0151 imm\u00e1r a Pannon Telev\u00edzi\u00f3 \u201eRadn\u00f3ti nyom\u00e1ban\u201d c\u00edm\u0171 dokumentumfilm-sorozat\u00e1nak tizenharmadik, befejez\u0151 r\u00e9sze. 1944 nyar\u00e1n a szerbiai Bor melletti r\u00e9zb\u00e1ny\u00e1kban k\u00e9nyszermunk\u00e1ra fogott munkaszolg\u00e1latosok k\u00f6z\u00f6tt tal\u00e1lkozott Radn\u00f3ti Mikl\u00f3ssal az akkor 19 \u00e9ves Andai Ferenc. Mindketten, m\u00e9g n\u00e9gysz\u00e1z rabt\u00e1rsukkal egy\u00fctt, a Heidenau l\u00e1ger foglyai voltak. Szeptemberben a front k\u00f6zeledt\u00e9vel sorsuk kett\u00e9v\u00e1lt. Radn\u00f3ti gy\u00f6trelmes, v\u00e9gs\u0151 \u00fatj\u00e1t k\u00f6veti a fent [&hellip;]<\/p>\n","protected":false},"author":39,"featured_media":0,"comment_status":"closed","ping_status":"closed","sticky":false,"template":"","format":"standard","meta":[],"categories":[26],"tags":[],"views":1664,"_links":{"self":[{"href":"https:\/\/omh-ohcc.ca\/hu\/wp-json\/wp\/v2\/posts\/436190"}],"collection":[{"href":"https:\/\/omh-ohcc.ca\/hu\/wp-json\/wp\/v2\/posts"}],"about":[{"href":"https:\/\/omh-ohcc.ca\/hu\/wp-json\/wp\/v2\/types\/post"}],"author":[{"embeddable":true,"href":"https:\/\/omh-ohcc.ca\/hu\/wp-json\/wp\/v2\/users\/39"}],"replies":[{"embeddable":true,"href":"https:\/\/omh-ohcc.ca\/hu\/wp-json\/wp\/v2\/comments?post=436190"}],"version-history":[{"count":0,"href":"https:\/\/omh-ohcc.ca\/hu\/wp-json\/wp\/v2\/posts\/436190\/revisions"}],"wp:attachment":[{"href":"https:\/\/omh-ohcc.ca\/hu\/wp-json\/wp\/v2\/media?parent=436190"}],"wp:term":[{"taxonomy":"category","embeddable":true,"href":"https:\/\/omh-ohcc.ca\/hu\/wp-json\/wp\/v2\/categories?post=436190"},{"taxonomy":"post_tag","embeddable":true,"href":"https:\/\/omh-ohcc.ca\/hu\/wp-json\/wp\/v2\/tags?post=436190"}],"curies":[{"name":"wp","href":"https:\/\/api.w.org\/{rel}","templated":true}]}}