{"id":436164,"date":"2020-05-24T20:03:02","date_gmt":"2020-05-25T00:03:02","guid":{"rendered":"https:\/\/omh-ohcc.ca\/hu\/?p=436164"},"modified":"2020-06-02T22:50:03","modified_gmt":"2020-06-03T02:50:03","slug":"2020-majus-24-i-radioadas","status":"publish","type":"post","link":"https:\/\/omh-ohcc.ca\/hu\/2020-majus-24-i-radioadas\/","title":{"rendered":"2020 m\u00e1jus 24-i r\u00e1di\u00f3ad\u00e1s"},"content":{"rendered":"<p><strong>Tartalom<\/strong><\/p>\n<ul>\n<li>Magyar klasszikusok \u2013 Finta G\u00e1bor bemutat\u00f3ja<\/li>\n<ul>\n<li>Kov\u00e1cs mnunk\u00e1ss\u00e1ga (Finta G\u00e1bor)<\/li>\n<li>Beethoven, Ludwig van: F d\u00far rom\u00e1nc (Kov\u00e1cs, D\u00e9nes, Budapest Symhonuy, Lehel, Gy\u00f6rgy)<\/li>\n<\/ul>\n<ul>\n<li>Schubert kamarazen\u00e9je (Finta G\u00e1bor)<\/li>\n<li>Schubert, Franz: Notturno (Kov\u00e1cs D\u00e9nes, Banda Ede, Rados Ferenc)<\/li>\n<\/ul>\n<li>Papp Hortenzia: Barangol\u00f3 \u2013 M\u00e1ty\u00e1s kir\u00e1ly nyom\u00e1ban (Bede-Fazekas Zsolt)<\/li>\n<li>Az OMH \u00e9s k\u00f6z\u00f6ss\u00e9g\u00fcnk h\u00edrei<\/li>\n<li>Azt Gondoltam (Hungarikum)<\/li>\n<li>\u00c1ldoz\u00f3cs\u00fct\u00f6rt\u00f6k (T\u00f3th Magdolna)<\/li>\n<li>Sz\u00e1ma Nincsen Uram (Hungarikum)<\/li>\n<li>Hungarikum &#8211; Interj\u00fa<\/li>\n<li>Este Van M\u00e1r (Hungarikum)<\/li>\n<li>Natalie MacMaster: A&#8217; Chuthag (The Cuckoo) (Natalie MacMaster)<\/li>\n<li>Natalie MacMaster: Queen of the West (Natalie MacMaster)<\/li>\n<\/ul>\n<p>Bek\u00fcld\u00f6tt rekl\u00e1mmentes anyag: <div class=\"sc_fancy_player_container\"><!--[if lt IE 9]><script>document.createElement('audio');<\/script><![endif]-->\n<audio class=\"wp-audio-shortcode\" id=\"audio-436164-1\" preload=\"none\" style=\"width: 100%;\" controls=\"controls\"><source type=\"audio\/mpeg\" src=\"\/hang\/radio\/2020\/OMHradio-20200524.mp3?_=1\" \/><a href=\"\/hang\/radio\/2020\/OMHradio-20200524.mp3\">\/hang\/radio\/2020\/OMHradio-20200524.mp3<\/a><\/audio><\/div><\/p>\n","protected":false},"excerpt":{"rendered":"<p>Tartalom Magyar klasszikusok \u2013 Finta G\u00e1bor bemutat\u00f3ja Kov\u00e1cs mnunk\u00e1ss\u00e1ga (Finta G\u00e1bor) Beethoven, Ludwig van: F d\u00far rom\u00e1nc (Kov\u00e1cs, D\u00e9nes, Budapest Symhonuy, Lehel, Gy\u00f6rgy) Schubert kamarazen\u00e9je (Finta G\u00e1bor) Schubert, Franz: Notturno (Kov\u00e1cs D\u00e9nes, Banda Ede, Rados Ferenc) Papp Hortenzia: Barangol\u00f3 \u2013 M\u00e1ty\u00e1s kir\u00e1ly nyom\u00e1ban (Bede-Fazekas Zsolt) Az OMH \u00e9s k\u00f6z\u00f6ss\u00e9g\u00fcnk h\u00edrei Azt Gondoltam (Hungarikum) \u00c1ldoz\u00f3cs\u00fct\u00f6rt\u00f6k (T\u00f3th [&hellip;]<\/p>\n","protected":false},"author":3,"featured_media":0,"comment_status":"closed","ping_status":"closed","sticky":false,"template":"","format":"standard","meta":[],"categories":[28],"tags":[],"views":895,"_links":{"self":[{"href":"https:\/\/omh-ohcc.ca\/hu\/wp-json\/wp\/v2\/posts\/436164"}],"collection":[{"href":"https:\/\/omh-ohcc.ca\/hu\/wp-json\/wp\/v2\/posts"}],"about":[{"href":"https:\/\/omh-ohcc.ca\/hu\/wp-json\/wp\/v2\/types\/post"}],"author":[{"embeddable":true,"href":"https:\/\/omh-ohcc.ca\/hu\/wp-json\/wp\/v2\/users\/3"}],"replies":[{"embeddable":true,"href":"https:\/\/omh-ohcc.ca\/hu\/wp-json\/wp\/v2\/comments?post=436164"}],"version-history":[{"count":0,"href":"https:\/\/omh-ohcc.ca\/hu\/wp-json\/wp\/v2\/posts\/436164\/revisions"}],"wp:attachment":[{"href":"https:\/\/omh-ohcc.ca\/hu\/wp-json\/wp\/v2\/media?parent=436164"}],"wp:term":[{"taxonomy":"category","embeddable":true,"href":"https:\/\/omh-ohcc.ca\/hu\/wp-json\/wp\/v2\/categories?post=436164"},{"taxonomy":"post_tag","embeddable":true,"href":"https:\/\/omh-ohcc.ca\/hu\/wp-json\/wp\/v2\/tags?post=436164"}],"curies":[{"name":"wp","href":"https:\/\/api.w.org\/{rel}","templated":true}]}}