{"id":436001,"date":"2020-03-22T20:22:02","date_gmt":"2020-03-23T00:22:02","guid":{"rendered":"http:\/\/omh-ohcc.ca\/hu\/?p=436001"},"modified":"2020-03-23T20:27:49","modified_gmt":"2020-03-24T00:27:49","slug":"2020-marcius-22-i-radioadas","status":"publish","type":"post","link":"https:\/\/omh-ohcc.ca\/hu\/2020-marcius-22-i-radioadas\/","title":{"rendered":"2020 m\u00e1rcius 22-i r\u00e1di\u00f3ad\u00e1s"},"content":{"rendered":"<p><strong>Tartalom<\/strong><\/p>\n<ul>\n<li>Magyar klasszikusok \u2013 Finta G\u00e1bor bemutat\u00f3ja<\/li>\n<ul>\n<li>Bart\u00f3k szimf\u00f3ni\u00e1j\u00e1r\u00f3l (Finta G\u00e1bor)<\/li>\n<li>Bart\u00f3k, B\u00e9la: Kossuth szimf\u00f3nia \u2013 Kossuth Szimf\u00f3nia (Budapest Symphony Orchestra, Lehel, Gy\u00f6rgy)<\/li>\n<\/ul>\n<li>Az OMH \u00e9s k\u00f6z\u00f6ss\u00e9g\u00fcnk h\u00edrei<\/li>\n<li>Kossuth Lajos T\u00e1bor\u00e1ban, Kossuth Lajos Debrecenbe elindult (Tavaszi Hadj\u00e1rat)<\/li>\n<li>Besz\u00e9lget\u00e9s K\u00e1ll\u00f3 B\u00e9l\u00e1val \u00e9s T\u00f3th P\u00e9ter L\u00f3r\u00e1nttal az OMH-ban &#8211; 1. r\u00e9sz (OHCC voice)<\/li>\n<li>A j\u00f3 lovas katon\u00e1nak (\u00dajra Zenekar)<\/li>\n<li>Besz\u00e9lget\u00e9s K\u00e1ll\u00f3 B\u00e9l\u00e1val \u00e9s T\u00f3th P\u00e9ter L\u00f3r\u00e1nttal az OMH-ban &#8211; 2. r\u00e9sz (OHCC voice)<\/li>\n<li>Husz\u00e1r gyerek, husz\u00e1r gyerek (B\u00e9k\u00e9s Banda)<\/li>\n<li>Sz\u00e1zados \u00far, sejehaj, Az asz\u00f3di soroz\u00f3ra s\u00fct a nap (Heged\u0171s egy\u00fcttes, Kal\u00e1ka egy\u00fcttes, Sz\u00e9lki\u00e1lt\u00f3 egy\u00fcttes \u00e9s K\u00e1tai Zolt\u00e1n)<\/li>\n<li>Leahy: Moment (Leahy)<\/li>\n<li>Leahy: A Love Never Known (Leahy)<\/li>\n<\/ul>\n<p>Bek\u00fcld\u00f6tt rekl\u00e1mmentes anyag: <div class=\"sc_fancy_player_container\"><!--[if lt IE 9]><script>document.createElement('audio');<\/script><![endif]-->\n<audio class=\"wp-audio-shortcode\" id=\"audio-436001-1\" preload=\"none\" style=\"width: 100%;\" controls=\"controls\"><source type=\"audio\/mpeg\" src=\"\/hang\/radio\/2020\/OMHradio-20200322.mp3?_=1\" \/><a href=\"\/hang\/radio\/2020\/OMHradio-20200322.mp3\">\/hang\/radio\/2020\/OMHradio-20200322.mp3<\/a><\/audio><\/div><\/p>\n","protected":false},"excerpt":{"rendered":"<p>Tartalom Magyar klasszikusok \u2013 Finta G\u00e1bor bemutat\u00f3ja Bart\u00f3k szimf\u00f3ni\u00e1j\u00e1r\u00f3l (Finta G\u00e1bor) Bart\u00f3k, B\u00e9la: Kossuth szimf\u00f3nia \u2013 Kossuth Szimf\u00f3nia (Budapest Symphony Orchestra, Lehel, Gy\u00f6rgy) Az OMH \u00e9s k\u00f6z\u00f6ss\u00e9g\u00fcnk h\u00edrei Kossuth Lajos T\u00e1bor\u00e1ban, Kossuth Lajos Debrecenbe elindult (Tavaszi Hadj\u00e1rat) Besz\u00e9lget\u00e9s K\u00e1ll\u00f3 B\u00e9l\u00e1val \u00e9s T\u00f3th P\u00e9ter L\u00f3r\u00e1nttal az OMH-ban &#8211; 1. r\u00e9sz (OHCC voice) A j\u00f3 lovas katon\u00e1nak [&hellip;]<\/p>\n","protected":false},"author":3,"featured_media":0,"comment_status":"closed","ping_status":"closed","sticky":false,"template":"","format":"standard","meta":[],"categories":[28],"tags":[],"views":929,"_links":{"self":[{"href":"https:\/\/omh-ohcc.ca\/hu\/wp-json\/wp\/v2\/posts\/436001"}],"collection":[{"href":"https:\/\/omh-ohcc.ca\/hu\/wp-json\/wp\/v2\/posts"}],"about":[{"href":"https:\/\/omh-ohcc.ca\/hu\/wp-json\/wp\/v2\/types\/post"}],"author":[{"embeddable":true,"href":"https:\/\/omh-ohcc.ca\/hu\/wp-json\/wp\/v2\/users\/3"}],"replies":[{"embeddable":true,"href":"https:\/\/omh-ohcc.ca\/hu\/wp-json\/wp\/v2\/comments?post=436001"}],"version-history":[{"count":0,"href":"https:\/\/omh-ohcc.ca\/hu\/wp-json\/wp\/v2\/posts\/436001\/revisions"}],"wp:attachment":[{"href":"https:\/\/omh-ohcc.ca\/hu\/wp-json\/wp\/v2\/media?parent=436001"}],"wp:term":[{"taxonomy":"category","embeddable":true,"href":"https:\/\/omh-ohcc.ca\/hu\/wp-json\/wp\/v2\/categories?post=436001"},{"taxonomy":"post_tag","embeddable":true,"href":"https:\/\/omh-ohcc.ca\/hu\/wp-json\/wp\/v2\/tags?post=436001"}],"curies":[{"name":"wp","href":"https:\/\/api.w.org\/{rel}","templated":true}]}}