{"id":435826,"date":"2019-12-08T20:00:17","date_gmt":"2019-12-09T01:00:17","guid":{"rendered":"http:\/\/omh-ohcc.ca\/hu\/?p=435826"},"modified":"2019-12-08T16:00:14","modified_gmt":"2019-12-08T21:00:14","slug":"2019-december-8-i-radioadas","status":"publish","type":"post","link":"https:\/\/omh-ohcc.ca\/hu\/2019-december-8-i-radioadas\/","title":{"rendered":"2019. december 8-i r\u00e1di\u00f3ad\u00e1s"},"content":{"rendered":"<p><strong>Tartalom<\/strong><\/p>\n<ul>\n<li>Magyar klasszikusok \u2013 Finta G\u00e1bor bemutat\u00f3ja<\/li>\n<ul>\n<li>Liszt rapsz\u00f3di\u00e1i (Finta G\u00e1bor)<\/li>\n<li>Liszt, Franz: Second Rhapsody (\u00c1HZ, Antal. M\u00e1ty\u00e1s)<\/li>\n<\/ul>\n<ul>\n<li>A Hunyadi L\u00e1szl\u00f3 t\u00f6rt\u00e9nete (Finta G\u00e1bor)<\/li>\n<li>Erkel, Ferenc: Hunyadi-La Grange \u00e1ria (Sass, Sylvia)<\/li>\n<\/ul>\n<li>Papp Hortenzia: Barangol\u00f3 \u2013 Mikul\u00e1s (Bede-Fazekas Zsolt)<\/li>\n<li>Az OMH \u00e9s k\u00f6z\u00f6ss\u00e9g\u00fcnk h\u00edrei<\/li>\n<li>Demj\u00e9n Ferenc: Legyen \u00fcnnep (Tab\u00e1ni Istv\u00e1n)<\/li>\n<li>Mikul\u00e1s (T\u00f3th Magdolna)<\/li>\n<li>We\u00f6res S\u00e1ndor: Sz\u00e1ncseng\u0151 (Orb\u00e1n Ferenc)<\/li>\n<li>Michael Bubl\u00e9: Winter Wonderland (Michael Bubl\u00e9)<\/li>\n<li>Michael Bubl\u00e9: It&#8217;s Beginning To Look A Lot Like Christmas (Michael Bubl\u00e9)<\/li>\n<\/ul>\n<p>Bek\u00fcld\u00f6tt rekl\u00e1mmentes anyag: <div class=\"sc_fancy_player_container\"><!--[if lt IE 9]><script>document.createElement('audio');<\/script><![endif]-->\n<audio class=\"wp-audio-shortcode\" id=\"audio-435826-1\" preload=\"none\" style=\"width: 100%;\" controls=\"controls\"><source type=\"audio\/mpeg\" src=\"\/hang\/radio\/2019\/OMHradio-20191208.mp3?_=1\" \/><a href=\"\/hang\/radio\/2019\/OMHradio-20191208.mp3\">\/hang\/radio\/2019\/OMHradio-20191208.mp3<\/a><\/audio><\/div><\/p>\n","protected":false},"excerpt":{"rendered":"<p>Tartalom Magyar klasszikusok \u2013 Finta G\u00e1bor bemutat\u00f3ja Liszt rapsz\u00f3di\u00e1i (Finta G\u00e1bor) Liszt, Franz: Second Rhapsody (\u00c1HZ, Antal. M\u00e1ty\u00e1s) A Hunyadi L\u00e1szl\u00f3 t\u00f6rt\u00e9nete (Finta G\u00e1bor) Erkel, Ferenc: Hunyadi-La Grange \u00e1ria (Sass, Sylvia) Papp Hortenzia: Barangol\u00f3 \u2013 Mikul\u00e1s (Bede-Fazekas Zsolt) Az OMH \u00e9s k\u00f6z\u00f6ss\u00e9g\u00fcnk h\u00edrei Demj\u00e9n Ferenc: Legyen \u00fcnnep (Tab\u00e1ni Istv\u00e1n) Mikul\u00e1s (T\u00f3th Magdolna) We\u00f6res S\u00e1ndor: Sz\u00e1ncseng\u0151 [&hellip;]<\/p>\n","protected":false},"author":3,"featured_media":0,"comment_status":"closed","ping_status":"closed","sticky":false,"template":"","format":"standard","meta":[],"categories":[28],"tags":[],"views":1324,"_links":{"self":[{"href":"https:\/\/omh-ohcc.ca\/hu\/wp-json\/wp\/v2\/posts\/435826"}],"collection":[{"href":"https:\/\/omh-ohcc.ca\/hu\/wp-json\/wp\/v2\/posts"}],"about":[{"href":"https:\/\/omh-ohcc.ca\/hu\/wp-json\/wp\/v2\/types\/post"}],"author":[{"embeddable":true,"href":"https:\/\/omh-ohcc.ca\/hu\/wp-json\/wp\/v2\/users\/3"}],"replies":[{"embeddable":true,"href":"https:\/\/omh-ohcc.ca\/hu\/wp-json\/wp\/v2\/comments?post=435826"}],"version-history":[{"count":0,"href":"https:\/\/omh-ohcc.ca\/hu\/wp-json\/wp\/v2\/posts\/435826\/revisions"}],"wp:attachment":[{"href":"https:\/\/omh-ohcc.ca\/hu\/wp-json\/wp\/v2\/media?parent=435826"}],"wp:term":[{"taxonomy":"category","embeddable":true,"href":"https:\/\/omh-ohcc.ca\/hu\/wp-json\/wp\/v2\/categories?post=435826"},{"taxonomy":"post_tag","embeddable":true,"href":"https:\/\/omh-ohcc.ca\/hu\/wp-json\/wp\/v2\/tags?post=435826"}],"curies":[{"name":"wp","href":"https:\/\/api.w.org\/{rel}","templated":true}]}}