{"id":435811,"date":"2019-12-01T20:37:46","date_gmt":"2019-12-02T01:37:46","guid":{"rendered":"http:\/\/omh-ohcc.ca\/hu\/?p=435811"},"modified":"2019-12-01T20:40:46","modified_gmt":"2019-12-02T01:40:46","slug":"2019-december-1-i-radioadas","status":"publish","type":"post","link":"https:\/\/omh-ohcc.ca\/hu\/2019-december-1-i-radioadas\/","title":{"rendered":"2019. december 1-i r\u00e1di\u00f3ad\u00e1s"},"content":{"rendered":"<p><strong>Tartalom<\/strong><\/p>\n<ul>\n<li>Magyar klasszikusok \u2013 Finta G\u00e1bor bemutat\u00f3ja<\/li>\n<ul>\n<li>Dubrovay L\u00e1szl\u00f3 munk\u00e1i (Finta G\u00e1bor)<\/li>\n<li>Dubrovay, L\u00e1szl\u00f3: 3rd Piano Concerto \u2013 3rd Piano Concerto (F\u00fclei, Bal\u00e1zs)<\/li>\n<\/ul>\n<ul>\n<li>K\u00e1lm\u00e1n operettjei (Finta G\u00e1bor)<\/li>\n<li>K\u00e1lm\u00e1n, Imre: Cirkuszhercegn\u0151 \u2013 K\u00e1lm\u00e1n Imre operettje (Udvardy, Tibor)<\/li>\n<\/ul>\n<li>Papp Hortenzia: Barangol\u00f3 \u2013 Barangol\u00f3 elbesz\u00e9l\u00e9se (Bede-Fazekas Zsolt)<\/li>\n<li>Az OMH \u00e9s k\u00f6z\u00f6ss\u00e9g\u00fcnk h\u00edrei<\/li>\n<li>Zo\u0308ld erdo\u030bben de magos a juharfa (Szalonna e\u0301s Banda\u0301ja)<\/li>\n<li>Interj\u00fa Horv\u00e1th J\u00f3zseffel (Horv\u00e1th J\u00f3zsef, T\u00f3th Magdolna)<\/li>\n<li>Ke\u0301t gyo\u0308nyo\u0308ru\u030b ne\u0301pdal Kalotaszegro\u030bl (Fono\u0301 zenekar)<\/li>\n<li>Attila Fias: Colors (Attila Fias Trio)<\/li>\n<\/ul>\n<p>Bek\u00fcld\u00f6tt rekl\u00e1mmentes anyag: <div class=\"sc_fancy_player_container\"><!--[if lt IE 9]><script>document.createElement('audio');<\/script><![endif]-->\n<audio class=\"wp-audio-shortcode\" id=\"audio-435811-1\" preload=\"none\" style=\"width: 100%;\" controls=\"controls\"><source type=\"audio\/mpeg\" src=\"\/hang\/radio\/2019\/OMHradio-20191201.mp3?_=1\" \/><a href=\"\/hang\/radio\/2019\/OMHradio-20191201.mp3\">\/hang\/radio\/2019\/OMHradio-20191201.mp3<\/a><\/audio><\/div><\/p>\n","protected":false},"excerpt":{"rendered":"<p>Tartalom Magyar klasszikusok \u2013 Finta G\u00e1bor bemutat\u00f3ja Dubrovay L\u00e1szl\u00f3 munk\u00e1i (Finta G\u00e1bor) Dubrovay, L\u00e1szl\u00f3: 3rd Piano Concerto \u2013 3rd Piano Concerto (F\u00fclei, Bal\u00e1zs) K\u00e1lm\u00e1n operettjei (Finta G\u00e1bor) K\u00e1lm\u00e1n, Imre: Cirkuszhercegn\u0151 \u2013 K\u00e1lm\u00e1n Imre operettje (Udvardy, Tibor) Papp Hortenzia: Barangol\u00f3 \u2013 Barangol\u00f3 elbesz\u00e9l\u00e9se (Bede-Fazekas Zsolt) Az OMH \u00e9s k\u00f6z\u00f6ss\u00e9g\u00fcnk h\u00edrei Zo\u0308ld erdo\u030bben de magos a juharfa [&hellip;]<\/p>\n","protected":false},"author":3,"featured_media":0,"comment_status":"closed","ping_status":"closed","sticky":false,"template":"","format":"standard","meta":[],"categories":[28],"tags":[],"views":1264,"_links":{"self":[{"href":"https:\/\/omh-ohcc.ca\/hu\/wp-json\/wp\/v2\/posts\/435811"}],"collection":[{"href":"https:\/\/omh-ohcc.ca\/hu\/wp-json\/wp\/v2\/posts"}],"about":[{"href":"https:\/\/omh-ohcc.ca\/hu\/wp-json\/wp\/v2\/types\/post"}],"author":[{"embeddable":true,"href":"https:\/\/omh-ohcc.ca\/hu\/wp-json\/wp\/v2\/users\/3"}],"replies":[{"embeddable":true,"href":"https:\/\/omh-ohcc.ca\/hu\/wp-json\/wp\/v2\/comments?post=435811"}],"version-history":[{"count":0,"href":"https:\/\/omh-ohcc.ca\/hu\/wp-json\/wp\/v2\/posts\/435811\/revisions"}],"wp:attachment":[{"href":"https:\/\/omh-ohcc.ca\/hu\/wp-json\/wp\/v2\/media?parent=435811"}],"wp:term":[{"taxonomy":"category","embeddable":true,"href":"https:\/\/omh-ohcc.ca\/hu\/wp-json\/wp\/v2\/categories?post=435811"},{"taxonomy":"post_tag","embeddable":true,"href":"https:\/\/omh-ohcc.ca\/hu\/wp-json\/wp\/v2\/tags?post=435811"}],"curies":[{"name":"wp","href":"https:\/\/api.w.org\/{rel}","templated":true}]}}