{"id":435737,"date":"2019-11-03T20:05:13","date_gmt":"2019-11-04T01:05:13","guid":{"rendered":"http:\/\/omh-ohcc.ca\/hu\/?p=435737"},"modified":"2019-11-03T20:09:34","modified_gmt":"2019-11-04T01:09:34","slug":"2019-november-3-i-radioadas","status":"publish","type":"post","link":"https:\/\/omh-ohcc.ca\/hu\/2019-november-3-i-radioadas\/","title":{"rendered":"2019. november 3-i r\u00e1di\u00f3ad\u00e1s"},"content":{"rendered":"<p><strong>Tartalom<\/strong><\/p>\n<ul>\n<li>Magyar klasszikusok \u2013 Finta G\u00e1bor bemutat\u00f3ja<\/li>\n<ul>\n<li>Megeml\u00e9kez\u00e9s 1956 november 4-re (Finta G\u00e1bor)<\/li>\n<li>Liszt, Franz: Introit \u2013 Requiem (Cheur de l&#8217;Arm\u00e9e. Francois-Henri Houbart)<\/li>\n<\/ul>\n<ul>\n<li>Kalmus Felici\u00e1n ottawai koncertje (Finta G\u00e1bor)<\/li>\n<li>Kalmus, Felici\u00e1n: Tisz\u00e1n innen &#8211; Folk Song Arrangement &#8211; The Song of the Deep Sea (Kalmus, Felici\u00e1n)<\/li>\n<\/ul>\n<li>Az OMH \u00e9s k\u00f6z\u00f6ss\u00e9g\u00fcnk h\u00edrei<\/li>\n<li>Ez a vonat, ha elindult&#8230; (Cs\u00edk Zenekar)<\/li>\n<li>1956-os megeml\u00e9kez\u00e9s &#8211; R\u00e9szlet Papp Lajos besz\u00e9d\u00e9b\u0151l &#8211; 2019. okt\u00f3ber 23 (Papp Lajos)<\/li>\n<li>Saj\u00f3 S\u00e1ndor, K\u00e1rp\u00e1tia: Magyar \u00e9nek&#8230; (K\u00e1rp\u00e1tia)<\/li>\n<li>R\u00e9szlet Szelepcs\u00e9nyi Ern\u0151 besz\u00e9d\u00e9b\u0151l az OMH-ban 2019 Okt\u00f3ber 20-\u00e1n (Szelepcs\u00e9nyi Ern\u0151)<\/li>\n<li>Kov\u00e1cs \u00c1kos: 1956 (2006) (\u00c1kos)<\/li>\n<li>Leonard Cohen: Hallelujah (Live In London) (Leonard Cohen)<\/li>\n<\/ul>\n<p>Bek\u00fcld\u00f6tt rekl\u00e1mmentes anyag: <div class=\"sc_fancy_player_container\"><!--[if lt IE 9]><script>document.createElement('audio');<\/script><![endif]-->\n<audio class=\"wp-audio-shortcode\" id=\"audio-435737-1\" preload=\"none\" style=\"width: 100%;\" controls=\"controls\"><source type=\"audio\/mpeg\" src=\"\/hang\/radio\/2019\/OMHradio-20191103.mp3?_=1\" \/><a href=\"\/hang\/radio\/2019\/OMHradio-20191103.mp3\">\/hang\/radio\/2019\/OMHradio-20191103.mp3<\/a><\/audio><\/div><\/p>\n","protected":false},"excerpt":{"rendered":"<p>Tartalom Magyar klasszikusok \u2013 Finta G\u00e1bor bemutat\u00f3ja Megeml\u00e9kez\u00e9s 1956 november 4-re (Finta G\u00e1bor) Liszt, Franz: Introit \u2013 Requiem (Cheur de l&#8217;Arm\u00e9e. Francois-Henri Houbart) Kalmus Felici\u00e1n ottawai koncertje (Finta G\u00e1bor) Kalmus, Felici\u00e1n: Tisz\u00e1n innen &#8211; Folk Song Arrangement &#8211; The Song of the Deep Sea (Kalmus, Felici\u00e1n) Az OMH \u00e9s k\u00f6z\u00f6ss\u00e9g\u00fcnk h\u00edrei Ez a vonat, ha [&hellip;]<\/p>\n","protected":false},"author":3,"featured_media":0,"comment_status":"closed","ping_status":"closed","sticky":false,"template":"","format":"standard","meta":[],"categories":[28],"tags":[],"views":1264,"_links":{"self":[{"href":"https:\/\/omh-ohcc.ca\/hu\/wp-json\/wp\/v2\/posts\/435737"}],"collection":[{"href":"https:\/\/omh-ohcc.ca\/hu\/wp-json\/wp\/v2\/posts"}],"about":[{"href":"https:\/\/omh-ohcc.ca\/hu\/wp-json\/wp\/v2\/types\/post"}],"author":[{"embeddable":true,"href":"https:\/\/omh-ohcc.ca\/hu\/wp-json\/wp\/v2\/users\/3"}],"replies":[{"embeddable":true,"href":"https:\/\/omh-ohcc.ca\/hu\/wp-json\/wp\/v2\/comments?post=435737"}],"version-history":[{"count":0,"href":"https:\/\/omh-ohcc.ca\/hu\/wp-json\/wp\/v2\/posts\/435737\/revisions"}],"wp:attachment":[{"href":"https:\/\/omh-ohcc.ca\/hu\/wp-json\/wp\/v2\/media?parent=435737"}],"wp:term":[{"taxonomy":"category","embeddable":true,"href":"https:\/\/omh-ohcc.ca\/hu\/wp-json\/wp\/v2\/categories?post=435737"},{"taxonomy":"post_tag","embeddable":true,"href":"https:\/\/omh-ohcc.ca\/hu\/wp-json\/wp\/v2\/tags?post=435737"}],"curies":[{"name":"wp","href":"https:\/\/api.w.org\/{rel}","templated":true}]}}