{"id":435657,"date":"2019-10-06T20:00:41","date_gmt":"2019-10-07T00:00:41","guid":{"rendered":"http:\/\/omh-ohcc.ca\/hu\/?p=435657"},"modified":"2019-10-06T18:33:18","modified_gmt":"2019-10-06T22:33:18","slug":"2019-oktober-6-i-radioadas","status":"publish","type":"post","link":"https:\/\/omh-ohcc.ca\/hu\/2019-oktober-6-i-radioadas\/","title":{"rendered":"2019. okt\u00f3ber 6-i r\u00e1di\u00f3ad\u00e1s"},"content":{"rendered":"<p><strong>Tartalom<\/strong><\/p>\n<ul>\n<li>Magyar klasszikusok \u2013 Finta G\u00e1bor bemutat\u00f3ja<\/li>\n<ul>\n<li>Az aradi v\u00e9rtan\u00fak napja (Finta G\u00e1bor)<\/li>\n<li>Liszt, Ferenc: Funerailles  (Philip Thomson)<\/li>\n<\/ul>\n<ul>\n<li>Liszt rapsz\u00f3di\u00e1ja (Finta G\u00e1bor)<\/li>\n<li>Liszt, Ferenc: Rhapsody No.5 (G\u00e1bor Finta)<\/li>\n<\/ul>\n<li>Papp Hortenzia: Barangol\u00f3 \u2013 Barangol\u00f3 elbesz\u00e9l\u00e9se (Bede-Fazekas Zsolt)<\/li>\n<li>Wolf P\u00e9ter, Gerend\u00e1s P\u00e9ter: V\u00e1lladon alszom el (Wolf Kati)<\/li>\n<li>Am\u00f6nat P\u00f6 Mira \u00d6nsz\u00e1t (Romungro)<\/li>\n<li>Interj\u00fa a Romungro zenekar tagjaival (T\u00f3th Magdolna, Horv\u00e1th P\u00e9ter, Suha Vilmos)<\/li>\n<li>Ha Te Tudn\u00e1d (Romungro)<\/li>\n<li>Oscar Lopez: Those Times (Oscar Lopez)<\/li>\n<li>Bill Berry, Michael Stipe, Mike Mills, Peter Buck: End Of The World (Great Big Sea)<\/li>\n<\/ul>\n<p>Bek\u00fcld\u00f6tt rekl\u00e1mmentes anyag: <div class=\"sc_fancy_player_container\"><!--[if lt IE 9]><script>document.createElement('audio');<\/script><![endif]-->\n<audio class=\"wp-audio-shortcode\" id=\"audio-435657-1\" preload=\"none\" style=\"width: 100%;\" controls=\"controls\"><source type=\"audio\/mpeg\" src=\"\/hang\/radio\/2019\/OMHradio-20191006.mp3?_=1\" \/><a href=\"\/hang\/radio\/2019\/OMHradio-20191006.mp3\">\/hang\/radio\/2019\/OMHradio-20191006.mp3<\/a><\/audio><\/div><\/p>\n","protected":false},"excerpt":{"rendered":"<p>Tartalom Magyar klasszikusok \u2013 Finta G\u00e1bor bemutat\u00f3ja Az aradi v\u00e9rtan\u00fak napja (Finta G\u00e1bor) Liszt, Ferenc: Funerailles (Philip Thomson) Liszt rapsz\u00f3di\u00e1ja (Finta G\u00e1bor) Liszt, Ferenc: Rhapsody No.5 (G\u00e1bor Finta) Papp Hortenzia: Barangol\u00f3 \u2013 Barangol\u00f3 elbesz\u00e9l\u00e9se (Bede-Fazekas Zsolt) Wolf P\u00e9ter, Gerend\u00e1s P\u00e9ter: V\u00e1lladon alszom el (Wolf Kati) Am\u00f6nat P\u00f6 Mira \u00d6nsz\u00e1t (Romungro) Interj\u00fa a Romungro zenekar tagjaival [&hellip;]<\/p>\n","protected":false},"author":3,"featured_media":0,"comment_status":"closed","ping_status":"closed","sticky":false,"template":"","format":"standard","meta":[],"categories":[28],"tags":[],"views":1338,"_links":{"self":[{"href":"https:\/\/omh-ohcc.ca\/hu\/wp-json\/wp\/v2\/posts\/435657"}],"collection":[{"href":"https:\/\/omh-ohcc.ca\/hu\/wp-json\/wp\/v2\/posts"}],"about":[{"href":"https:\/\/omh-ohcc.ca\/hu\/wp-json\/wp\/v2\/types\/post"}],"author":[{"embeddable":true,"href":"https:\/\/omh-ohcc.ca\/hu\/wp-json\/wp\/v2\/users\/3"}],"replies":[{"embeddable":true,"href":"https:\/\/omh-ohcc.ca\/hu\/wp-json\/wp\/v2\/comments?post=435657"}],"version-history":[{"count":0,"href":"https:\/\/omh-ohcc.ca\/hu\/wp-json\/wp\/v2\/posts\/435657\/revisions"}],"wp:attachment":[{"href":"https:\/\/omh-ohcc.ca\/hu\/wp-json\/wp\/v2\/media?parent=435657"}],"wp:term":[{"taxonomy":"category","embeddable":true,"href":"https:\/\/omh-ohcc.ca\/hu\/wp-json\/wp\/v2\/categories?post=435657"},{"taxonomy":"post_tag","embeddable":true,"href":"https:\/\/omh-ohcc.ca\/hu\/wp-json\/wp\/v2\/tags?post=435657"}],"curies":[{"name":"wp","href":"https:\/\/api.w.org\/{rel}","templated":true}]}}