{"id":435495,"date":"2019-06-23T20:31:09","date_gmt":"2019-06-24T00:31:09","guid":{"rendered":"http:\/\/omh-ohcc.ca\/hu\/?p=435495"},"modified":"2019-07-11T00:08:42","modified_gmt":"2019-07-11T04:08:42","slug":"2019-junius-23-i-radioadas","status":"publish","type":"post","link":"https:\/\/omh-ohcc.ca\/hu\/2019-junius-23-i-radioadas\/","title":{"rendered":"2019. j\u00fanius 23-i r\u00e1di\u00f3ad\u00e1s"},"content":{"rendered":"<p><strong>Tartalom<\/strong><\/p>\n<ul>\n<li>Magyar klasszikusok \u2013 Finta G\u00e1bor bemutat\u00f3ja<\/li>\n<ul>\n<li>Erkel munk\u00e1ss\u00e1ga (Finta G\u00e1bor)<\/li>\n<li>Erkel Ferenc: B\u00e1nk b\u00e1n r\u00e9szletek (Sim\u00e1ndy, \u00c1gay, Farag\u00f3, Ferencsik)<\/li>\n<\/ul>\n<li>Papp Hortenzia: Barangol\u00f3 \u2013 Barangol\u00f3 elbesz\u00e9l\u00e9se (Bede-Fazekas Zsolt)<\/li>\n<li>Felvid\u00e9ki dudan\u00f3t\u00e1k (Ghymes)<\/li>\n<li>Az OMH \u00e9s k\u00f6z\u00f6ss\u00e9g\u00fcnk h\u00edrei<\/li>\n<li>Csemer Bogl\u00e1rka: Utazom (Boggie)<\/li>\n<li>Demj\u00e9n Ferenc, Lerch Istv\u00e1n: J\u00e9gsz\u00edv (Sma\u0301rton Trio\u0301-Harcsa Veronika )<\/li>\n<li>Besz\u00e9lget\u00e9s Moln\u00e1r Merc\u00e9desszel \u00e9s Kurucz Petr\u00e1val (T\u00f3th Magdolna, Moln\u00e1r Merc\u00e9desz, Kuricz Petra)<\/li>\n<li>Presser G\u00e1bor: Voltam Ibojka (Ol\u00e1h Ibolya)<\/li>\n<li>Lep\u00e9s G\u00e1bor, Kov\u00e1cs \u00c1kos: Nem kell m\u00e1s vigasz (\u00c1kos)<\/li>\n<li>Natalie MacMaster: Reel Beatrice (Natalie MacMaster)<\/li>\n<li>Natalie MacMaster: Catharsis (Natalie MacMaster)<\/li>\n<\/ul>\n<p>Bek\u00fcld\u00f6tt rekl\u00e1mmentes anyag: <div class=\"sc_fancy_player_container\"><!--[if lt IE 9]><script>document.createElement('audio');<\/script><![endif]-->\n<audio class=\"wp-audio-shortcode\" id=\"audio-435495-1\" preload=\"none\" style=\"width: 100%;\" controls=\"controls\"><source type=\"audio\/mpeg\" src=\"\/hang\/radio\/2019\/OMHradio-20190623.mp3?_=1\" \/><a href=\"\/hang\/radio\/2019\/OMHradio-20190623.mp3\">\/hang\/radio\/2019\/OMHradio-20190623.mp3<\/a><\/audio><\/div><\/p>\n","protected":false},"excerpt":{"rendered":"<p>Tartalom Magyar klasszikusok \u2013 Finta G\u00e1bor bemutat\u00f3ja Erkel munk\u00e1ss\u00e1ga (Finta G\u00e1bor) Erkel Ferenc: B\u00e1nk b\u00e1n r\u00e9szletek (Sim\u00e1ndy, \u00c1gay, Farag\u00f3, Ferencsik) Papp Hortenzia: Barangol\u00f3 \u2013 Barangol\u00f3 elbesz\u00e9l\u00e9se (Bede-Fazekas Zsolt) Felvid\u00e9ki dudan\u00f3t\u00e1k (Ghymes) Az OMH \u00e9s k\u00f6z\u00f6ss\u00e9g\u00fcnk h\u00edrei Csemer Bogl\u00e1rka: Utazom (Boggie) Demj\u00e9n Ferenc, Lerch Istv\u00e1n: J\u00e9gsz\u00edv (Sma\u0301rton Trio\u0301-Harcsa Veronika ) Besz\u00e9lget\u00e9s Moln\u00e1r Merc\u00e9desszel \u00e9s Kurucz Petr\u00e1val [&hellip;]<\/p>\n","protected":false},"author":3,"featured_media":0,"comment_status":"closed","ping_status":"closed","sticky":false,"template":"","format":"standard","meta":[],"categories":[28],"tags":[],"views":1255,"_links":{"self":[{"href":"https:\/\/omh-ohcc.ca\/hu\/wp-json\/wp\/v2\/posts\/435495"}],"collection":[{"href":"https:\/\/omh-ohcc.ca\/hu\/wp-json\/wp\/v2\/posts"}],"about":[{"href":"https:\/\/omh-ohcc.ca\/hu\/wp-json\/wp\/v2\/types\/post"}],"author":[{"embeddable":true,"href":"https:\/\/omh-ohcc.ca\/hu\/wp-json\/wp\/v2\/users\/3"}],"replies":[{"embeddable":true,"href":"https:\/\/omh-ohcc.ca\/hu\/wp-json\/wp\/v2\/comments?post=435495"}],"version-history":[{"count":0,"href":"https:\/\/omh-ohcc.ca\/hu\/wp-json\/wp\/v2\/posts\/435495\/revisions"}],"wp:attachment":[{"href":"https:\/\/omh-ohcc.ca\/hu\/wp-json\/wp\/v2\/media?parent=435495"}],"wp:term":[{"taxonomy":"category","embeddable":true,"href":"https:\/\/omh-ohcc.ca\/hu\/wp-json\/wp\/v2\/categories?post=435495"},{"taxonomy":"post_tag","embeddable":true,"href":"https:\/\/omh-ohcc.ca\/hu\/wp-json\/wp\/v2\/tags?post=435495"}],"curies":[{"name":"wp","href":"https:\/\/api.w.org\/{rel}","templated":true}]}}