{"id":435493,"date":"2019-06-16T20:25:44","date_gmt":"2019-06-17T00:25:44","guid":{"rendered":"http:\/\/omh-ohcc.ca\/hu\/?p=435493"},"modified":"2019-07-11T00:08:42","modified_gmt":"2019-07-11T04:08:42","slug":"2019-junius-16-i-radioadas","status":"publish","type":"post","link":"https:\/\/omh-ohcc.ca\/hu\/2019-junius-16-i-radioadas\/","title":{"rendered":"2019. j\u00fanius 16-i r\u00e1di\u00f3ad\u00e1s"},"content":{"rendered":"<p><strong>Tartalom<\/strong><\/p>\n<ul>\n<li>Magyar klasszikusok \u2013 Finta G\u00e1bor bemutat\u00f3ja<\/li>\n<ul>\n<li>Liszt zongoraversenyei (Finta G\u00e1bor)<\/li>\n<li>Liszt Ferenc: Liszt 1st Piano Concerto E flat Major (Krystian Zimerman, Seiji Ozawa)<\/li>\n<\/ul>\n<li>Papp Hortenzia: Barangol\u00f3 \u2013 Barangol\u00f3 elbesz\u00e9l\u00e9se (Bede-Fazekas Zsolt)<\/li>\n<li>Ethnofil: Kalitka (Live @ Marosv\u00e1s\u00e1rhelyi R\u00e1di\u00f3) (Ethnofil)<\/li>\n<li>Az OMH \u00e9s k\u00f6z\u00f6ss\u00e9g\u00fcnk h\u00edrei<\/li>\n<li>Hej Jancsika, Jancsika (Kisbojt\u00e1r \u00c9nekegy\u00fcttes, Guly\u00e1s Ferenc)<\/li>\n<li>Besz\u00e9lget\u00e9s Guly\u00e1s Ferivel (Guly\u00e1s Ferenc, T\u00f3th Magdolna)<\/li>\n<li>Boros Csaba, Guly\u00e1s Ferenc: Ha igaz lenne (Republic)<\/li>\n<li>Leahy: Borrowed Time (Leahy)<\/li>\n<\/ul>\n<p>Bek\u00fcld\u00f6tt rekl\u00e1mmentes anyag: <div class=\"sc_fancy_player_container\"><!--[if lt IE 9]><script>document.createElement('audio');<\/script><![endif]-->\n<audio class=\"wp-audio-shortcode\" id=\"audio-435493-1\" preload=\"none\" style=\"width: 100%;\" controls=\"controls\"><source type=\"audio\/mpeg\" src=\"\/hang\/radio\/2019\/OMHradio-20190616.mp3?_=1\" \/><a href=\"\/hang\/radio\/2019\/OMHradio-20190616.mp3\">\/hang\/radio\/2019\/OMHradio-20190616.mp3<\/a><\/audio><\/div><\/p>\n","protected":false},"excerpt":{"rendered":"<p>Tartalom Magyar klasszikusok \u2013 Finta G\u00e1bor bemutat\u00f3ja Liszt zongoraversenyei (Finta G\u00e1bor) Liszt Ferenc: Liszt 1st Piano Concerto E flat Major (Krystian Zimerman, Seiji Ozawa) Papp Hortenzia: Barangol\u00f3 \u2013 Barangol\u00f3 elbesz\u00e9l\u00e9se (Bede-Fazekas Zsolt) Ethnofil: Kalitka (Live @ Marosv\u00e1s\u00e1rhelyi R\u00e1di\u00f3) (Ethnofil) Az OMH \u00e9s k\u00f6z\u00f6ss\u00e9g\u00fcnk h\u00edrei Hej Jancsika, Jancsika (Kisbojt\u00e1r \u00c9nekegy\u00fcttes, Guly\u00e1s Ferenc) Besz\u00e9lget\u00e9s Guly\u00e1s Ferivel (Guly\u00e1s [&hellip;]<\/p>\n","protected":false},"author":3,"featured_media":0,"comment_status":"closed","ping_status":"closed","sticky":false,"template":"","format":"standard","meta":[],"categories":[28],"tags":[],"views":1251,"_links":{"self":[{"href":"https:\/\/omh-ohcc.ca\/hu\/wp-json\/wp\/v2\/posts\/435493"}],"collection":[{"href":"https:\/\/omh-ohcc.ca\/hu\/wp-json\/wp\/v2\/posts"}],"about":[{"href":"https:\/\/omh-ohcc.ca\/hu\/wp-json\/wp\/v2\/types\/post"}],"author":[{"embeddable":true,"href":"https:\/\/omh-ohcc.ca\/hu\/wp-json\/wp\/v2\/users\/3"}],"replies":[{"embeddable":true,"href":"https:\/\/omh-ohcc.ca\/hu\/wp-json\/wp\/v2\/comments?post=435493"}],"version-history":[{"count":0,"href":"https:\/\/omh-ohcc.ca\/hu\/wp-json\/wp\/v2\/posts\/435493\/revisions"}],"wp:attachment":[{"href":"https:\/\/omh-ohcc.ca\/hu\/wp-json\/wp\/v2\/media?parent=435493"}],"wp:term":[{"taxonomy":"category","embeddable":true,"href":"https:\/\/omh-ohcc.ca\/hu\/wp-json\/wp\/v2\/categories?post=435493"},{"taxonomy":"post_tag","embeddable":true,"href":"https:\/\/omh-ohcc.ca\/hu\/wp-json\/wp\/v2\/tags?post=435493"}],"curies":[{"name":"wp","href":"https:\/\/api.w.org\/{rel}","templated":true}]}}