{"id":435402,"date":"2019-05-19T20:00:56","date_gmt":"2019-05-20T00:00:56","guid":{"rendered":"http:\/\/omh-ohcc.ca\/hu\/?p=435402"},"modified":"2019-05-20T18:09:44","modified_gmt":"2019-05-20T22:09:44","slug":"2019-majus-19-i-radioadas","status":"publish","type":"post","link":"https:\/\/omh-ohcc.ca\/hu\/2019-majus-19-i-radioadas\/","title":{"rendered":"2019. m\u00e1jus 19-i r\u00e1di\u00f3ad\u00e1s"},"content":{"rendered":"<p><strong>Tartalom<\/strong><\/p>\n<ul>\n<li>Magyar klasszikusok \u2013 Finta G\u00e1bor bemutat\u00f3ja<\/li>\n<ul>\n<li>16. sz\u00e1zadi magyar t\u00e1nczene (Finta G\u00e1bor)<\/li>\n<li>T\u00e1ncok 16. sz\u00e1zadi tabulatur\u00e1kb\u00f3l (Ella Istv\u00e1n, Sebesty\u00e9n J\u00e1nos)<\/li>\n<\/ul>\n<ul>\n<li>Verbunkos t\u00e1nczene (Finta G\u00e1bor)<\/li>\n<li>Brahms: Magyar t\u00e1ncok, 11, 17 (Budapest Symphony Orchestra, Bog\u00e1r Istv\u00e1n)<\/li>\n<\/ul>\n<ul>\n<li>Bart\u00f3k &#8211; R\u00e9gi t\u00e1ncdalok (Finta G\u00e1bor)<\/li>\n<li>Bart\u00f3k B\u00e9la: 15 magyar parasztdal 7-15 (Kocsis Zolt\u00e1n)<\/li>\n<\/ul>\n<li>Papp Hortenzia: Barangol\u00f3 \u2013 Ter\u00e9ny (Bede-Fazekas Zsolt)<\/li>\n<li>N\u00f3gr\u00e1di dudan\u00f3t\u00e1k (Herczku \u00c1gnes)<\/li>\n<li>Az OMH \u00e9s k\u00f6z\u00f6ss\u00e9g\u00fcnk h\u00edrei<\/li>\n<li>Nyerges Attila, Lecz\u00f3 Szilveszter: N\u00e9lk\u00fcled (Ismer\u0151s Arcok)<\/li>\n<li>Felvid\u00e9ki sajt\u00f3szemle (T\u00f3th Magdolna)<\/li>\n<li>K\u00f6lcsey Ferenc: Himnusz (vers) (Darvas Iv\u00e1n)<\/li>\n<li>K\u00f6lcsey Ferenc: Himnusz (MTVA gyermekk\u00f3rus)<\/li>\n<li>Petr\u00e1s J\u00e1nos: Egy az Isten, egy a nemzet (K\u00e1rp\u00e1tia)<\/li>\n<li>Oscar Lopez: Corrientes (Oscar Lopez)<\/li>\n<\/ul>\n<p>Bek\u00fcld\u00f6tt rekl\u00e1mmentes anyag: <div class=\"sc_fancy_player_container\"><!--[if lt IE 9]><script>document.createElement('audio');<\/script><![endif]-->\n<audio class=\"wp-audio-shortcode\" id=\"audio-435402-1\" preload=\"none\" style=\"width: 100%;\" controls=\"controls\"><source type=\"audio\/mpeg\" src=\"\/hang\/radio\/2019\/OMHradio-20190519.mp3?_=1\" \/><a href=\"\/hang\/radio\/2019\/OMHradio-20190519.mp3\">\/hang\/radio\/2019\/OMHradio-20190519.mp3<\/a><\/audio><\/div><\/p>\n","protected":false},"excerpt":{"rendered":"<p>Tartalom Magyar klasszikusok \u2013 Finta G\u00e1bor bemutat\u00f3ja 16. sz\u00e1zadi magyar t\u00e1nczene (Finta G\u00e1bor) T\u00e1ncok 16. sz\u00e1zadi tabulatur\u00e1kb\u00f3l (Ella Istv\u00e1n, Sebesty\u00e9n J\u00e1nos) Verbunkos t\u00e1nczene (Finta G\u00e1bor) Brahms: Magyar t\u00e1ncok, 11, 17 (Budapest Symphony Orchestra, Bog\u00e1r Istv\u00e1n) Bart\u00f3k &#8211; R\u00e9gi t\u00e1ncdalok (Finta G\u00e1bor) Bart\u00f3k B\u00e9la: 15 magyar parasztdal 7-15 (Kocsis Zolt\u00e1n) Papp Hortenzia: Barangol\u00f3 \u2013 Ter\u00e9ny (Bede-Fazekas [&hellip;]<\/p>\n","protected":false},"author":3,"featured_media":0,"comment_status":"closed","ping_status":"closed","sticky":false,"template":"","format":"standard","meta":[],"categories":[28],"tags":[],"views":1230,"_links":{"self":[{"href":"https:\/\/omh-ohcc.ca\/hu\/wp-json\/wp\/v2\/posts\/435402"}],"collection":[{"href":"https:\/\/omh-ohcc.ca\/hu\/wp-json\/wp\/v2\/posts"}],"about":[{"href":"https:\/\/omh-ohcc.ca\/hu\/wp-json\/wp\/v2\/types\/post"}],"author":[{"embeddable":true,"href":"https:\/\/omh-ohcc.ca\/hu\/wp-json\/wp\/v2\/users\/3"}],"replies":[{"embeddable":true,"href":"https:\/\/omh-ohcc.ca\/hu\/wp-json\/wp\/v2\/comments?post=435402"}],"version-history":[{"count":0,"href":"https:\/\/omh-ohcc.ca\/hu\/wp-json\/wp\/v2\/posts\/435402\/revisions"}],"wp:attachment":[{"href":"https:\/\/omh-ohcc.ca\/hu\/wp-json\/wp\/v2\/media?parent=435402"}],"wp:term":[{"taxonomy":"category","embeddable":true,"href":"https:\/\/omh-ohcc.ca\/hu\/wp-json\/wp\/v2\/categories?post=435402"},{"taxonomy":"post_tag","embeddable":true,"href":"https:\/\/omh-ohcc.ca\/hu\/wp-json\/wp\/v2\/tags?post=435402"}],"curies":[{"name":"wp","href":"https:\/\/api.w.org\/{rel}","templated":true}]}}