{"id":435304,"date":"2019-04-06T14:50:24","date_gmt":"2019-04-06T18:50:24","guid":{"rendered":"http:\/\/omh-ohcc.ca\/hu\/?p=435304"},"modified":"2023-11-06T21:21:04","modified_gmt":"2023-11-07T02:21:04","slug":"megemlekezes-a-48-as-forradalomrol","status":"publish","type":"post","link":"https:\/\/omh-ohcc.ca\/hu\/megemlekezes-a-48-as-forradalomrol\/","title":{"rendered":"Megeml\u00e9kez\u00e9s a 48-as forradalomr\u00f3l"},"content":{"rendered":"<p>M\u00e1rcius 17-\u00e9n \u00fcnnepelt\u00fck meg az 1848-a forradalom \u00e9vfordul\u00f3j\u00e1t az Ottawai Magyar H\u00e1zban. Az \u00fcnnepi besz\u00e9det Sinka L\u00e1szl\u00f3, a Magyar Nagyk\u00f6vets\u00e9g els\u0151 beosztottja tartotta, ut\u00e1na a Magyar Iskola n\u00f6vend\u00e9kei mellett Talla Mariann szavalt \u00e9s egy kisfilm is bemutat\u00e1sra ker\u00fclt. Az \u00fcnneps\u00e9g v\u00e9g\u00e9n a k\u00f6z\u00f6ns\u00e9g 48-as dalokat \u00e9nekelt Finta Bea vezet\u00e9s\u00e9vel.<\/p>\n<table>\n<tbody>\n<tr>\n<td><iframe loading=\"lazy\" width=\"400\" height=\"225\" src=\"https:\/\/www.youtube.com\/embed\/9CF7cVNTxss?feature=oembed\" frameborder=\"0\" allow=\"accelerometer; autoplay; encrypted-media; gyroscope; picture-in-picture\" allowfullscreen><\/iframe><\/td>\n<\/tr>\n<\/tbody>\n<\/table>\n<p><em>(Finta G\u00e1bor felv\u00e9tele)\u00a0<\/em><\/p>\n","protected":false},"excerpt":{"rendered":"<p>M\u00e1rcius 17-\u00e9n \u00fcnnepelt\u00fck meg az 1848-a forradalom \u00e9vfordul\u00f3j\u00e1t az Ottawai Magyar H\u00e1zban. Az \u00fcnnepi besz\u00e9det Sinka L\u00e1szl\u00f3, a Magyar Nagyk\u00f6vets\u00e9g els\u0151 beosztottja tartotta, ut\u00e1na a Magyar Iskola n\u00f6vend\u00e9kei mellett Talla Mariann szavalt \u00e9s egy kisfilm is bemutat\u00e1sra ker\u00fclt. Az \u00fcnneps\u00e9g v\u00e9g\u00e9n a k\u00f6z\u00f6ns\u00e9g 48-as dalokat \u00e9nekelt Finta Bea vezet\u00e9s\u00e9vel. (Finta G\u00e1bor felv\u00e9tele)\u00a0<\/p>\n","protected":false},"author":36,"featured_media":0,"comment_status":"closed","ping_status":"closed","sticky":false,"template":"","format":"standard","meta":[],"categories":[15,39],"tags":[],"views":1796,"_links":{"self":[{"href":"https:\/\/omh-ohcc.ca\/hu\/wp-json\/wp\/v2\/posts\/435304"}],"collection":[{"href":"https:\/\/omh-ohcc.ca\/hu\/wp-json\/wp\/v2\/posts"}],"about":[{"href":"https:\/\/omh-ohcc.ca\/hu\/wp-json\/wp\/v2\/types\/post"}],"author":[{"embeddable":true,"href":"https:\/\/omh-ohcc.ca\/hu\/wp-json\/wp\/v2\/users\/36"}],"replies":[{"embeddable":true,"href":"https:\/\/omh-ohcc.ca\/hu\/wp-json\/wp\/v2\/comments?post=435304"}],"version-history":[{"count":1,"href":"https:\/\/omh-ohcc.ca\/hu\/wp-json\/wp\/v2\/posts\/435304\/revisions"}],"predecessor-version":[{"id":438597,"href":"https:\/\/omh-ohcc.ca\/hu\/wp-json\/wp\/v2\/posts\/435304\/revisions\/438597"}],"wp:attachment":[{"href":"https:\/\/omh-ohcc.ca\/hu\/wp-json\/wp\/v2\/media?parent=435304"}],"wp:term":[{"taxonomy":"category","embeddable":true,"href":"https:\/\/omh-ohcc.ca\/hu\/wp-json\/wp\/v2\/categories?post=435304"},{"taxonomy":"post_tag","embeddable":true,"href":"https:\/\/omh-ohcc.ca\/hu\/wp-json\/wp\/v2\/tags?post=435304"}],"curies":[{"name":"wp","href":"https:\/\/api.w.org\/{rel}","templated":true}]}}