{"id":435231,"date":"2019-02-24T20:00:45","date_gmt":"2019-02-25T01:00:45","guid":{"rendered":"http:\/\/omh-ohcc.ca\/hu\/?p=435231"},"modified":"2019-02-24T18:34:38","modified_gmt":"2019-02-24T23:34:38","slug":"2019-februar-24-i-radioadas","status":"publish","type":"post","link":"https:\/\/omh-ohcc.ca\/hu\/2019-februar-24-i-radioadas\/","title":{"rendered":"2019. febru\u00e1r 24-i r\u00e1di\u00f3ad\u00e1s"},"content":{"rendered":"<p><strong>Tartalom<\/strong><\/p>\n<ul>\n<li>Magyar klasszikusok \u2013 Finta G\u00e1bor bemutat\u00f3ja<\/li>\n<ul>\n<li>N\u00e9pdalokr\u00f3l (Finta G\u00e1bor)<\/li>\n<li>Pal\u00f3c dalok<\/li>\n<\/ul>\n<ul>\n<li>Dombi K\u00e1roly pal\u00f3cf\u00f6ld\u00f6n (Finta G\u00e1bor)<\/li>\n<li>Dombi K\u00e1roly elbesz\u00e9l\u00e9se (Dombi K\u00e1roly)<\/li>\n<\/ul>\n<ul>\n<li>B\u00e1rdos munk\u00e1i (Finta G\u00e1bor)<\/li>\n<li>B\u00e1rdos: 1st N\u00e9pdal rapsz\u00f3dia (Ifj\u00fa Zenebar\u00e1tok K\u00f3rusa, Ugrin)<\/li>\n<\/ul>\n<li>Papp Hortenzia: Barangol\u00f3 \u2013 M\u00fazeumok &#8211; Csokol\u00e1d\u00e9, P\u00e1linka, S\u00f6r (Bede-Fazekas Zsolt)<\/li>\n<li>Sz\u00e9p boszork\u00e1ny dala (Borraval\u00f3 Egy\u00fcttes)<\/li>\n<li>Az OMH \u00e9s k\u00f6z\u00f6ss\u00e9g\u00fcnk h\u00edrei<\/li>\n<li>Tompa M., Sz\u0171ts I.: A g\u00f3ly\u00e1hoz (Vadkerti Imre)<\/li>\n<li>Interj\u00fa a H\u00e1rom Kir\u00e1lyok form\u00e1ci\u00f3 tagjaival az Ottawai Magyar H\u00e1zban (T\u00f3th Magdolna, Kov\u00e1cs Kopp\u00e1ny, Vadkerti Imre, Derzsi Gy\u00f6rgy)<\/li>\n<li>Mikl\u00f3s T., Menyh\u00e1rt J., Rakonczay N., T\u00f3th G.: Ez az otthonunk (Kov\u00e1cs Kopp\u00e1ny)<\/li>\n<li>Burt Bacharach, Hal David: Walk On By (Live in Rio) (Diana Krall)<\/li>\n<li>Attila Fias: Cutie (Attila Fias Trio)<\/li>\n<\/ul>\n<p>Bek\u00fcld\u00f6tt rekl\u00e1mmentes anyag: <div class=\"sc_fancy_player_container\"><!--[if lt IE 9]><script>document.createElement('audio');<\/script><![endif]-->\n<audio class=\"wp-audio-shortcode\" id=\"audio-435231-1\" preload=\"none\" style=\"width: 100%;\" controls=\"controls\"><source type=\"audio\/mpeg\" src=\"\/hang\/radio\/2019\/OMHradio-20190224.mp3?_=1\" \/><a href=\"\/hang\/radio\/2019\/OMHradio-20190224.mp3\">\/hang\/radio\/2019\/OMHradio-20190224.mp3<\/a><\/audio><\/div><\/p>\n","protected":false},"excerpt":{"rendered":"<p>Tartalom Magyar klasszikusok \u2013 Finta G\u00e1bor bemutat\u00f3ja N\u00e9pdalokr\u00f3l (Finta G\u00e1bor) Pal\u00f3c dalok Dombi K\u00e1roly pal\u00f3cf\u00f6ld\u00f6n (Finta G\u00e1bor) Dombi K\u00e1roly elbesz\u00e9l\u00e9se (Dombi K\u00e1roly) B\u00e1rdos munk\u00e1i (Finta G\u00e1bor) B\u00e1rdos: 1st N\u00e9pdal rapsz\u00f3dia (Ifj\u00fa Zenebar\u00e1tok K\u00f3rusa, Ugrin) Papp Hortenzia: Barangol\u00f3 \u2013 M\u00fazeumok &#8211; Csokol\u00e1d\u00e9, P\u00e1linka, S\u00f6r (Bede-Fazekas Zsolt) Sz\u00e9p boszork\u00e1ny dala (Borraval\u00f3 Egy\u00fcttes) Az OMH \u00e9s k\u00f6z\u00f6ss\u00e9g\u00fcnk h\u00edrei [&hellip;]<\/p>\n","protected":false},"author":3,"featured_media":0,"comment_status":"closed","ping_status":"closed","sticky":false,"template":"","format":"standard","meta":[],"categories":[28],"tags":[],"views":1360,"_links":{"self":[{"href":"https:\/\/omh-ohcc.ca\/hu\/wp-json\/wp\/v2\/posts\/435231"}],"collection":[{"href":"https:\/\/omh-ohcc.ca\/hu\/wp-json\/wp\/v2\/posts"}],"about":[{"href":"https:\/\/omh-ohcc.ca\/hu\/wp-json\/wp\/v2\/types\/post"}],"author":[{"embeddable":true,"href":"https:\/\/omh-ohcc.ca\/hu\/wp-json\/wp\/v2\/users\/3"}],"replies":[{"embeddable":true,"href":"https:\/\/omh-ohcc.ca\/hu\/wp-json\/wp\/v2\/comments?post=435231"}],"version-history":[{"count":0,"href":"https:\/\/omh-ohcc.ca\/hu\/wp-json\/wp\/v2\/posts\/435231\/revisions"}],"wp:attachment":[{"href":"https:\/\/omh-ohcc.ca\/hu\/wp-json\/wp\/v2\/media?parent=435231"}],"wp:term":[{"taxonomy":"category","embeddable":true,"href":"https:\/\/omh-ohcc.ca\/hu\/wp-json\/wp\/v2\/categories?post=435231"},{"taxonomy":"post_tag","embeddable":true,"href":"https:\/\/omh-ohcc.ca\/hu\/wp-json\/wp\/v2\/tags?post=435231"}],"curies":[{"name":"wp","href":"https:\/\/api.w.org\/{rel}","templated":true}]}}