{"id":435129,"date":"2019-01-06T19:34:46","date_gmt":"2019-01-07T00:34:46","guid":{"rendered":"http:\/\/omh-ohcc.ca\/hu\/?p=435129"},"modified":"2019-01-06T19:36:10","modified_gmt":"2019-01-07T00:36:10","slug":"2019-januar-6-i-radioadas","status":"publish","type":"post","link":"https:\/\/omh-ohcc.ca\/hu\/2019-januar-6-i-radioadas\/","title":{"rendered":"2019. janu\u00e1r 6-i r\u00e1di\u00f3ad\u00e1s"},"content":{"rendered":"<p><strong>Tartalom<\/strong><\/p>\n<ul>\n<li>Magyar klasszikusok \u2013 Finta G\u00e1bor bemutat\u00f3ja<\/li>\n<ul>\n<li>Kod\u00e1ly k\u00f3rusm\u0171ve (Finta G\u00e1bor)<\/li>\n<li>Kod\u00e1ly zolt\u00e1n: \u00dajesztend\u0151 k\u00f6sz\u00f6nt\u0151 \u2013 Works for Mixed Choirs (Debreceni Kod\u00e1ly K\u00f3rus, Erdei)<\/li>\n<\/ul>\n<ul>\n<li>Liszt orat\u00f3riuma (Finta G\u00e1bor)<\/li>\n<li>Liszt Ferenc: Vid\u00e1man j\u00e1tszva \u2013 Szent erzs\u00e9bet legend\u00e1ja (Nemzeti Filharm\u00f3nikuso, Kocsis)<\/li>\n<li>Karai J\u00f3zsef: Est\u00e9li n\u00f3t\u00e1z\u00e1s \u2013 Est\u00e9li n\u00f3t\u00e1z\u00e1s (Ottawa Hungarian Choir, Beatrix Finta)<\/li>\n<\/ul>\n<li>Papp Hortenzia: Barangol\u00f3 \u2013 Farkaslyuk, Vasfarkasfalva, Farkaslaka (Bede-Fazekas Zsolt)<\/li>\n<li>Osv\u00e1t Erzs\u00e9bet, Figura Ede: T\u00e9lkerget\u0151 (Figura Ede)<\/li>\n<li>Az OMH \u00e9s k\u00f6z\u00f6ss\u00e9g\u00fcnk h\u00edrei<\/li>\n<li>Gryllus D\u00e1niel, Lackfi J\u00e1nos: H\u00f3ban, f\u00e9nyben (Cs\u00edk zenekar)<\/li>\n<li>\u00daj\u00e9vi szok\u00e1sok, hiedelmek, babon\u00e1k, tilt\u00e1sok, 1.r\u00e9sz (T\u00f3th Magdolna)<\/li>\n<li>\u00dajesztend\u0151, v\u00edgs\u00e1gszerz\u0151 (Szal\u00f3ki \u00c1gi, Juh\u00e1sz G\u00e1bor)<\/li>\n<li>\u00daj\u00e9vi szok\u00e1sok, hiedelmek, babon\u00e1k, tilt\u00e1sok, 2.r\u00e9sz (T\u00f3th Magdolna)<\/li>\n<li>Szirmai Albert, G\u00e1bor Andor: Cint\u00e1ny\u00e9ros cudar vil\u00e1g (Oszvald Marika, Peller K\u00e1roly)<\/li>\n<li>Lassan kocsis\/M\u00e9g azt mondj\u00e1k (Ruzsa Magdi)<\/li>\n<\/ul>\n<p>Bek\u00fcld\u00f6tt rekl\u00e1mmentes anyag: <div class=\"sc_fancy_player_container\"><!--[if lt IE 9]><script>document.createElement('audio');<\/script><![endif]-->\n<audio class=\"wp-audio-shortcode\" id=\"audio-435129-1\" preload=\"none\" style=\"width: 100%;\" controls=\"controls\"><source type=\"audio\/mpeg\" src=\"\/hang\/radio\/2019\/OMHradio-20190106.mp3?_=1\" \/><a href=\"\/hang\/radio\/2019\/OMHradio-20190106.mp3\">\/hang\/radio\/2019\/OMHradio-20190106.mp3<\/a><\/audio><\/div><\/p>\n","protected":false},"excerpt":{"rendered":"<p>Tartalom Magyar klasszikusok \u2013 Finta G\u00e1bor bemutat\u00f3ja Kod\u00e1ly k\u00f3rusm\u0171ve (Finta G\u00e1bor) Kod\u00e1ly zolt\u00e1n: \u00dajesztend\u0151 k\u00f6sz\u00f6nt\u0151 \u2013 Works for Mixed Choirs (Debreceni Kod\u00e1ly K\u00f3rus, Erdei) Liszt orat\u00f3riuma (Finta G\u00e1bor) Liszt Ferenc: Vid\u00e1man j\u00e1tszva \u2013 Szent erzs\u00e9bet legend\u00e1ja (Nemzeti Filharm\u00f3nikuso, Kocsis) Karai J\u00f3zsef: Est\u00e9li n\u00f3t\u00e1z\u00e1s \u2013 Est\u00e9li n\u00f3t\u00e1z\u00e1s (Ottawa Hungarian Choir, Beatrix Finta) Papp Hortenzia: Barangol\u00f3 \u2013 [&hellip;]<\/p>\n","protected":false},"author":3,"featured_media":0,"comment_status":"closed","ping_status":"closed","sticky":false,"template":"","format":"standard","meta":[],"categories":[28],"tags":[],"views":1382,"_links":{"self":[{"href":"https:\/\/omh-ohcc.ca\/hu\/wp-json\/wp\/v2\/posts\/435129"}],"collection":[{"href":"https:\/\/omh-ohcc.ca\/hu\/wp-json\/wp\/v2\/posts"}],"about":[{"href":"https:\/\/omh-ohcc.ca\/hu\/wp-json\/wp\/v2\/types\/post"}],"author":[{"embeddable":true,"href":"https:\/\/omh-ohcc.ca\/hu\/wp-json\/wp\/v2\/users\/3"}],"replies":[{"embeddable":true,"href":"https:\/\/omh-ohcc.ca\/hu\/wp-json\/wp\/v2\/comments?post=435129"}],"version-history":[{"count":0,"href":"https:\/\/omh-ohcc.ca\/hu\/wp-json\/wp\/v2\/posts\/435129\/revisions"}],"wp:attachment":[{"href":"https:\/\/omh-ohcc.ca\/hu\/wp-json\/wp\/v2\/media?parent=435129"}],"wp:term":[{"taxonomy":"category","embeddable":true,"href":"https:\/\/omh-ohcc.ca\/hu\/wp-json\/wp\/v2\/categories?post=435129"},{"taxonomy":"post_tag","embeddable":true,"href":"https:\/\/omh-ohcc.ca\/hu\/wp-json\/wp\/v2\/tags?post=435129"}],"curies":[{"name":"wp","href":"https:\/\/api.w.org\/{rel}","templated":true}]}}