{"id":435121,"date":"2018-12-23T20:07:00","date_gmt":"2018-12-24T01:07:00","guid":{"rendered":"http:\/\/omh-ohcc.ca\/hu\/?p=435121"},"modified":"2019-01-06T19:19:51","modified_gmt":"2019-01-07T00:19:51","slug":"2018-december-23-i-radioadas","status":"publish","type":"post","link":"https:\/\/omh-ohcc.ca\/hu\/2018-december-23-i-radioadas\/","title":{"rendered":"2018. december 23-i r\u00e1di\u00f3ad\u00e1s"},"content":{"rendered":"<p><strong>Tartalom<\/strong><\/p>\n<ul>\n<li>Magyar klasszikusok \u2013 Finta G\u00e1bor bemutat\u00f3ja<\/li>\n<ul>\n<li>Mennyb\u0151l az angyal (Finta G\u00e1bor)<\/li>\n<li>Dohn\u00e1nyi Ern\u0151: Pastoral (Finta G\u00e1bor)<\/li>\n<\/ul>\n<ul>\n<li>Kar\u00e1csonyi dalok (Finta G\u00e1bor)<\/li>\n<li>Nagy Oliv\u00e9r: Magyar Kar\u00e1csony \u2013 Childrens choruses for You (MR Gyermekk\u00f3rusa)<\/li>\n<\/ul>\n<li>Papp Hortenzia: Barangol\u00f3 \u2013 Fenyves, Kikekar\u00e1csonyfa, Feny\u0151f\u0151, Kar\u00e1csonyfalva (Bede-Fazekas Zsolt)<\/li>\n<li>Sz\u00e9pa feny\u0151 (Kormor\u00e1n)<\/li>\n<li>Az OMH \u00e9s k\u00f6z\u00f6ss\u00e9g\u00fcnk h\u00edrei<\/li>\n<li>Felvid\u00e9ki cs\u00e1rd\u00e1sok (Ritka Magyar Folkband)<\/li>\n<li>V\u00e1ga, a kar\u00e1csonyi ostya sz\u00fcl\u0151haz\u00e1ja (T\u00f3th Magdolna)<\/li>\n<li>Felvid\u00e9ki n\u00e9pdalok (Szvor\u00e1k Katalin)<\/li>\n<li>Sej, tiszta b\u00faza (Vank\u00f3n\u00e9 Dud\u00e1s Juli)<\/li>\n<li>Hideg sz\u00e9l f\u00faj \u00e9desany\u00e1m &#8211; Muzslyai lakodalmi dalok<\/li>\n<\/ul>\n<p>Bek\u00fcld\u00f6tt rekl\u00e1mmentes anyag: <div class=\"sc_fancy_player_container\"><!--[if lt IE 9]><script>document.createElement('audio');<\/script><![endif]-->\n<audio class=\"wp-audio-shortcode\" id=\"audio-435121-1\" preload=\"none\" style=\"width: 100%;\" controls=\"controls\"><source type=\"audio\/mpeg\" src=\"\/hang\/radio\/2018\/OMHradio-20181223.mp3?_=1\" \/><a href=\"\/hang\/radio\/2018\/OMHradio-20181223.mp3\">\/hang\/radio\/2018\/OMHradio-20181223.mp3<\/a><\/audio><\/div><\/p>\n","protected":false},"excerpt":{"rendered":"<p>Tartalom Magyar klasszikusok \u2013 Finta G\u00e1bor bemutat\u00f3ja Mennyb\u0151l az angyal (Finta G\u00e1bor) Dohn\u00e1nyi Ern\u0151: Pastoral (Finta G\u00e1bor) Kar\u00e1csonyi dalok (Finta G\u00e1bor) Nagy Oliv\u00e9r: Magyar Kar\u00e1csony \u2013 Childrens choruses for You (MR Gyermekk\u00f3rusa) Papp Hortenzia: Barangol\u00f3 \u2013 Fenyves, Kikekar\u00e1csonyfa, Feny\u0151f\u0151, Kar\u00e1csonyfalva (Bede-Fazekas Zsolt) Sz\u00e9pa feny\u0151 (Kormor\u00e1n) Az OMH \u00e9s k\u00f6z\u00f6ss\u00e9g\u00fcnk h\u00edrei Felvid\u00e9ki cs\u00e1rd\u00e1sok (Ritka Magyar Folkband) [&hellip;]<\/p>\n","protected":false},"author":3,"featured_media":0,"comment_status":"closed","ping_status":"closed","sticky":false,"template":"","format":"standard","meta":[],"categories":[28],"tags":[],"views":1356,"_links":{"self":[{"href":"https:\/\/omh-ohcc.ca\/hu\/wp-json\/wp\/v2\/posts\/435121"}],"collection":[{"href":"https:\/\/omh-ohcc.ca\/hu\/wp-json\/wp\/v2\/posts"}],"about":[{"href":"https:\/\/omh-ohcc.ca\/hu\/wp-json\/wp\/v2\/types\/post"}],"author":[{"embeddable":true,"href":"https:\/\/omh-ohcc.ca\/hu\/wp-json\/wp\/v2\/users\/3"}],"replies":[{"embeddable":true,"href":"https:\/\/omh-ohcc.ca\/hu\/wp-json\/wp\/v2\/comments?post=435121"}],"version-history":[{"count":0,"href":"https:\/\/omh-ohcc.ca\/hu\/wp-json\/wp\/v2\/posts\/435121\/revisions"}],"wp:attachment":[{"href":"https:\/\/omh-ohcc.ca\/hu\/wp-json\/wp\/v2\/media?parent=435121"}],"wp:term":[{"taxonomy":"category","embeddable":true,"href":"https:\/\/omh-ohcc.ca\/hu\/wp-json\/wp\/v2\/categories?post=435121"},{"taxonomy":"post_tag","embeddable":true,"href":"https:\/\/omh-ohcc.ca\/hu\/wp-json\/wp\/v2\/tags?post=435121"}],"curies":[{"name":"wp","href":"https:\/\/api.w.org\/{rel}","templated":true}]}}