{"id":434969,"date":"2018-10-21T19:45:15","date_gmt":"2018-10-21T23:45:15","guid":{"rendered":"http:\/\/omh-ohcc.ca\/hu\/?p=434969"},"modified":"2018-10-24T20:14:44","modified_gmt":"2018-10-25T00:14:44","slug":"2018-oktober-21-i-radioadas","status":"publish","type":"post","link":"https:\/\/omh-ohcc.ca\/hu\/2018-oktober-21-i-radioadas\/","title":{"rendered":"2018. okt\u00f3ber 21-i r\u00e1di\u00f3ad\u00e1s"},"content":{"rendered":"<p><strong>Tartalom<\/strong><\/p>\n<ul>\n<li>Magyar klasszikusok \u2013 Finta G\u00e1bor bemutat\u00f3ja<\/li>\n<ul>\n<li>Erkel m\u0171vei (Finta G\u00e1bor)<\/li>\n<li>Erkel ferenc: Hunyadi L\u00e1szl\u00f3 \u2013 Meghalt a cselsz\u00f6v\u0151 (Hungarian State Opera, Komor, Szab\u00f3)<\/li>\n<\/ul>\n<ul>\n<li>Hubay munk\u00e1ss\u00e1ga (Finta G\u00e1bor)<\/li>\n<li>Hubay Jen\u0151: 1st, 2nd movement \u2013 Violin Concerto No 3 (Luxemburg Radio, Aaron Rosand)<\/li>\n<\/ul>\n<ul>\n<li>Vars\u00f3i felkel\u00e9s (Finta G\u00e1bor)<\/li>\n<li>Frederic Chopin: Op 10No 12 \u2013 Revolutionary etude (V\u00e1s\u00e1ry Tam\u00e1s)<\/li>\n<\/ul>\n<li>Papp Hotrenzia: Barangol\u00f3 \u2013 Kis\u0151sz, Lev\u00e9l, Sz\u0151l\u0151sard\u00f3 (Bede-Fazekas Zsolt)<\/li>\n<li>A cinege cip\u0151je (K\u00e1v\u00e9sz\u00fcnet)<\/li>\n<li>Pet\u0151fi S\u00e1ndor, Kecskem\u00e9thy Lilla: Itt van \u0151sz, itt va \u00fajra (Csalogat\u00f3 egy\u00fcttes)<\/li>\n<li>Az OMH \u00e9s k\u00f6z\u00f6ss\u00e9g\u00fcnk h\u00edrei<\/li>\n<li>We\u00f6res S\u00e1ndor, Radv\u00e1nyi Bal\u00e1zs: Faiskola (Kal\u00e1ka)<\/li>\n<li>Simk\u00f3 Tibor, Radv\u00e1nyi Bal\u00e1zs: Ukulele (Kal\u00e1ka)<\/li>\n<li>Besz\u00e9lget\u00e9s Gryllus Vilmossal (T\u00f3th Magdolna, Gryllus Vilmos)<\/li>\n<li>Kov\u00e1cs Andr\u00e1s Ferenc, Kal\u00e1ka: Holderd\u0151 (Kal\u00e1ka)<\/li>\n<li>Mikor l\u00e1tom egeidet (Gryllus vilmos, Sebesty\u00e9n M\u00e1rta)<\/li>\n<li>Natalie MacMaster: Queen of the West (Natalie MacMaster )<\/li>\n<\/ul>\n<p><!--Sug\u00e1rzott v\u00e1ltozat: [sc_embed_player_template1 fileurl=\"\/hang\/radio\/2018\/CHIN-HUN-20181021.mp3\"]--><br \/>\nBek\u00fcld\u00f6tt rekl\u00e1mmentes anyag: <div class=\"sc_fancy_player_container\"><!--[if lt IE 9]><script>document.createElement('audio');<\/script><![endif]-->\n<audio class=\"wp-audio-shortcode\" id=\"audio-434969-1\" preload=\"none\" style=\"width: 100%;\" controls=\"controls\"><source type=\"audio\/mpeg\" src=\"\/hang\/radio\/2018\/OMHradio-20181021.mp3?_=1\" \/><a href=\"\/hang\/radio\/2018\/OMHradio-20181021.mp3\">\/hang\/radio\/2018\/OMHradio-20181021.mp3<\/a><\/audio><\/div><\/p>\n","protected":false},"excerpt":{"rendered":"<p>Tartalom Magyar klasszikusok \u2013 Finta G\u00e1bor bemutat\u00f3ja Erkel m\u0171vei (Finta G\u00e1bor) Erkel ferenc: Hunyadi L\u00e1szl\u00f3 \u2013 Meghalt a cselsz\u00f6v\u0151 (Hungarian State Opera, Komor, Szab\u00f3) Hubay munk\u00e1ss\u00e1ga (Finta G\u00e1bor) Hubay Jen\u0151: 1st, 2nd movement \u2013 Violin Concerto No 3 (Luxemburg Radio, Aaron Rosand) Vars\u00f3i felkel\u00e9s (Finta G\u00e1bor) Frederic Chopin: Op 10No 12 \u2013 Revolutionary etude (V\u00e1s\u00e1ry [&hellip;]<\/p>\n","protected":false},"author":3,"featured_media":0,"comment_status":"closed","ping_status":"closed","sticky":false,"template":"","format":"standard","meta":[],"categories":[28],"tags":[],"views":1350,"_links":{"self":[{"href":"https:\/\/omh-ohcc.ca\/hu\/wp-json\/wp\/v2\/posts\/434969"}],"collection":[{"href":"https:\/\/omh-ohcc.ca\/hu\/wp-json\/wp\/v2\/posts"}],"about":[{"href":"https:\/\/omh-ohcc.ca\/hu\/wp-json\/wp\/v2\/types\/post"}],"author":[{"embeddable":true,"href":"https:\/\/omh-ohcc.ca\/hu\/wp-json\/wp\/v2\/users\/3"}],"replies":[{"embeddable":true,"href":"https:\/\/omh-ohcc.ca\/hu\/wp-json\/wp\/v2\/comments?post=434969"}],"version-history":[{"count":0,"href":"https:\/\/omh-ohcc.ca\/hu\/wp-json\/wp\/v2\/posts\/434969\/revisions"}],"wp:attachment":[{"href":"https:\/\/omh-ohcc.ca\/hu\/wp-json\/wp\/v2\/media?parent=434969"}],"wp:term":[{"taxonomy":"category","embeddable":true,"href":"https:\/\/omh-ohcc.ca\/hu\/wp-json\/wp\/v2\/categories?post=434969"},{"taxonomy":"post_tag","embeddable":true,"href":"https:\/\/omh-ohcc.ca\/hu\/wp-json\/wp\/v2\/tags?post=434969"}],"curies":[{"name":"wp","href":"https:\/\/api.w.org\/{rel}","templated":true}]}}