{"id":434953,"date":"2018-10-14T19:10:10","date_gmt":"2018-10-14T23:10:10","guid":{"rendered":"http:\/\/omh-ohcc.ca\/hu\/?p=434953"},"modified":"2018-10-15T19:31:04","modified_gmt":"2018-10-15T23:31:04","slug":"2018-oktober-14-i-radioadas","status":"publish","type":"post","link":"https:\/\/omh-ohcc.ca\/hu\/2018-oktober-14-i-radioadas\/","title":{"rendered":"2018. okt\u00f3ber 14-i r\u00e1di\u00f3ad\u00e1s"},"content":{"rendered":"<p><strong>Tartalom<\/strong><\/p>\n<ul>\n<li>Magyar klasszikusok \u2013 Finta G\u00e1bor bemutat\u00f3ja<\/li>\n<ul>\n<li>Okt\u00f3ber 6 (Finta G\u00e1bor)<\/li>\n<li>Liszt: Funerailles (Nemzeti Filharmonikus zenekar, Kocsis)<\/li>\n<\/ul>\n<ul>\n<li>Kod\u00e1ly dalj\u00e1t\u00e9kai (Finta G\u00e1bor)<\/li>\n<li>Kod\u00e1ly: Dal \u2013 H\u00e1ry J\u00e1nos (\u00c1HZ Antal)<\/li>\n<\/ul>\n<li>Papp Hotrenzia: Barangol\u00f3 \u2013 Szilv\u00e1s, Kecsedszilv\u00e1s, Szilv\u00e1sszentm\u00e1rton (Bede-Fazekas Zsolt)<\/li>\n<li>Az OMH \u00e9s k\u00f6z\u00f6ss\u00e9g\u00fcnk h\u00edrei<\/li>\n<li>Haza\u0301m, haza\u0301m (Herczku A\u0301gnes)<\/li>\n<li>Interj\u00fa a Vadr\u00f3zs\u00e1k t\u00e1ncegy\u00fcttes ottawai fell\u00e9p\u0151ivel (T\u00f3th Magdolna)<\/li>\n<li>Csa\u0301rda\u0301s (sze\u0301ki muzsika) (Fono\u0301 zenekar)<\/li>\n<li>Attila Fias: Little Bossa (Attila Fias, Richard Brisco, Pat Kilbride)<\/li>\n<\/ul>\n<p><!--Sug\u00e1rzott v\u00e1ltozat: [sc_embed_player_template1 fileurl=\"\/hang\/radio\/2018\/CHIN-HUN-20181014.mp3\"]--><br \/>\nBek\u00fcld\u00f6tt rekl\u00e1mmentes anyag: <div class=\"sc_fancy_player_container\"><!--[if lt IE 9]><script>document.createElement('audio');<\/script><![endif]-->\n<audio class=\"wp-audio-shortcode\" id=\"audio-434953-1\" preload=\"none\" style=\"width: 100%;\" controls=\"controls\"><source type=\"audio\/mpeg\" src=\"\/hang\/radio\/2018\/OMHradio-20181014.mp3?_=1\" \/><a href=\"\/hang\/radio\/2018\/OMHradio-20181014.mp3\">\/hang\/radio\/2018\/OMHradio-20181014.mp3<\/a><\/audio><\/div><\/p>\n","protected":false},"excerpt":{"rendered":"<p>Tartalom Magyar klasszikusok \u2013 Finta G\u00e1bor bemutat\u00f3ja Okt\u00f3ber 6 (Finta G\u00e1bor) Liszt: Funerailles (Nemzeti Filharmonikus zenekar, Kocsis) Kod\u00e1ly dalj\u00e1t\u00e9kai (Finta G\u00e1bor) Kod\u00e1ly: Dal \u2013 H\u00e1ry J\u00e1nos (\u00c1HZ Antal) Papp Hotrenzia: Barangol\u00f3 \u2013 Szilv\u00e1s, Kecsedszilv\u00e1s, Szilv\u00e1sszentm\u00e1rton (Bede-Fazekas Zsolt) Az OMH \u00e9s k\u00f6z\u00f6ss\u00e9g\u00fcnk h\u00edrei Haza\u0301m, haza\u0301m (Herczku A\u0301gnes) Interj\u00fa a Vadr\u00f3zs\u00e1k t\u00e1ncegy\u00fcttes ottawai fell\u00e9p\u0151ivel (T\u00f3th Magdolna) Csa\u0301rda\u0301s [&hellip;]<\/p>\n","protected":false},"author":3,"featured_media":0,"comment_status":"closed","ping_status":"closed","sticky":false,"template":"","format":"standard","meta":[],"categories":[28],"tags":[],"views":1806,"_links":{"self":[{"href":"https:\/\/omh-ohcc.ca\/hu\/wp-json\/wp\/v2\/posts\/434953"}],"collection":[{"href":"https:\/\/omh-ohcc.ca\/hu\/wp-json\/wp\/v2\/posts"}],"about":[{"href":"https:\/\/omh-ohcc.ca\/hu\/wp-json\/wp\/v2\/types\/post"}],"author":[{"embeddable":true,"href":"https:\/\/omh-ohcc.ca\/hu\/wp-json\/wp\/v2\/users\/3"}],"replies":[{"embeddable":true,"href":"https:\/\/omh-ohcc.ca\/hu\/wp-json\/wp\/v2\/comments?post=434953"}],"version-history":[{"count":0,"href":"https:\/\/omh-ohcc.ca\/hu\/wp-json\/wp\/v2\/posts\/434953\/revisions"}],"wp:attachment":[{"href":"https:\/\/omh-ohcc.ca\/hu\/wp-json\/wp\/v2\/media?parent=434953"}],"wp:term":[{"taxonomy":"category","embeddable":true,"href":"https:\/\/omh-ohcc.ca\/hu\/wp-json\/wp\/v2\/categories?post=434953"},{"taxonomy":"post_tag","embeddable":true,"href":"https:\/\/omh-ohcc.ca\/hu\/wp-json\/wp\/v2\/tags?post=434953"}],"curies":[{"name":"wp","href":"https:\/\/api.w.org\/{rel}","templated":true}]}}