{"id":434936,"date":"2018-10-02T18:36:28","date_gmt":"2018-10-02T22:36:28","guid":{"rendered":"http:\/\/omh-ohcc.ca\/hu\/?p=434936"},"modified":"2023-11-06T21:21:16","modified_gmt":"2023-11-07T02:21:16","slug":"hungarikum","status":"publish","type":"post","link":"https:\/\/omh-ohcc.ca\/hu\/hungarikum\/","title":{"rendered":"Hungarikum"},"content":{"rendered":"<p>2018. szeptember 29-\u00e9n a Hungarikum Egy\u00fcttes adott nagysiker\u0171 hangversenyt az Ottawai Magyar H\u00e1zban. A m\u0171sorban szerepeltek megzen\u00e9s\u00edtett versek, n\u00e9pdalfeldolgoz\u00e1sok, saj\u00e1t szerzem\u00e9nyek \u00e9s istenes dalok. A Hungarikum Egy\u00fcttes a h\u00e9t \u00e9ve folyamatosan b\u0151v\u00fcl\u0151 reperto\u00e1rj\u00e1b\u00f3l v\u00e1logat\u00a0 koncertjeire. A n\u00e9pdalokat \u00e1t\u00e9neklik a m\u00e1ba, saj\u00e1t dalaikkal mozg\u00e1sba hozz\u00e1k gondolatainkat, az istenes dalokkal megt\u00f6ltik a lelk\u00fcnket, versmegzen\u00e9s\u00edt\u00e9seik sz\u00f6vegk\u00f6zpont\u00faak. N\u00e9zzenek meg p\u00e1r r\u00e9szletet m\u0171sorukb\u00f3l.<\/p>\n<table>\n<tbody>\n<tr>\n<td><iframe loading=\"lazy\" width=\"400\" height=\"225\" src=\"https:\/\/www.youtube.com\/embed\/gDp4w76NAnw?feature=oembed\" frameborder=\"0\" allow=\"autoplay; encrypted-media\" allowfullscreen><\/iframe><\/td>\n<\/tr>\n<\/tbody>\n<\/table>\n<p><em>(Finta G\u00e1bor \u00e9s Lapohos Tibor felv\u00e9tele)\u00a0<\/em><\/p>\n","protected":false},"excerpt":{"rendered":"<p>2018. szeptember 29-\u00e9n a Hungarikum Egy\u00fcttes adott nagysiker\u0171 hangversenyt az Ottawai Magyar H\u00e1zban. A m\u0171sorban szerepeltek megzen\u00e9s\u00edtett versek, n\u00e9pdalfeldolgoz\u00e1sok, saj\u00e1t szerzem\u00e9nyek \u00e9s istenes dalok. A Hungarikum Egy\u00fcttes a h\u00e9t \u00e9ve folyamatosan b\u0151v\u00fcl\u0151 reperto\u00e1rj\u00e1b\u00f3l v\u00e1logat\u00a0 koncertjeire. A n\u00e9pdalokat \u00e1t\u00e9neklik a m\u00e1ba, saj\u00e1t dalaikkal mozg\u00e1sba hozz\u00e1k gondolatainkat, az istenes dalokkal megt\u00f6ltik a lelk\u00fcnket, versmegzen\u00e9s\u00edt\u00e9seik sz\u00f6vegk\u00f6zpont\u00faak. N\u00e9zzenek meg [&hellip;]<\/p>\n","protected":false},"author":36,"featured_media":0,"comment_status":"closed","ping_status":"closed","sticky":false,"template":"","format":"standard","meta":[],"categories":[15,39],"tags":[],"views":2206,"_links":{"self":[{"href":"https:\/\/omh-ohcc.ca\/hu\/wp-json\/wp\/v2\/posts\/434936"}],"collection":[{"href":"https:\/\/omh-ohcc.ca\/hu\/wp-json\/wp\/v2\/posts"}],"about":[{"href":"https:\/\/omh-ohcc.ca\/hu\/wp-json\/wp\/v2\/types\/post"}],"author":[{"embeddable":true,"href":"https:\/\/omh-ohcc.ca\/hu\/wp-json\/wp\/v2\/users\/36"}],"replies":[{"embeddable":true,"href":"https:\/\/omh-ohcc.ca\/hu\/wp-json\/wp\/v2\/comments?post=434936"}],"version-history":[{"count":1,"href":"https:\/\/omh-ohcc.ca\/hu\/wp-json\/wp\/v2\/posts\/434936\/revisions"}],"predecessor-version":[{"id":438601,"href":"https:\/\/omh-ohcc.ca\/hu\/wp-json\/wp\/v2\/posts\/434936\/revisions\/438601"}],"wp:attachment":[{"href":"https:\/\/omh-ohcc.ca\/hu\/wp-json\/wp\/v2\/media?parent=434936"}],"wp:term":[{"taxonomy":"category","embeddable":true,"href":"https:\/\/omh-ohcc.ca\/hu\/wp-json\/wp\/v2\/categories?post=434936"},{"taxonomy":"post_tag","embeddable":true,"href":"https:\/\/omh-ohcc.ca\/hu\/wp-json\/wp\/v2\/tags?post=434936"}],"curies":[{"name":"wp","href":"https:\/\/api.w.org\/{rel}","templated":true}]}}