{"id":434928,"date":"2018-09-16T21:00:03","date_gmt":"2018-09-17T01:00:03","guid":{"rendered":"http:\/\/omh-ohcc.ca\/hu\/?p=434928"},"modified":"2018-10-01T21:11:34","modified_gmt":"2018-10-02T01:11:34","slug":"2018-szeptember-16-i-radioadas","status":"publish","type":"post","link":"https:\/\/omh-ohcc.ca\/hu\/2018-szeptember-16-i-radioadas\/","title":{"rendered":"2018. szeptember 16-i r\u00e1di\u00f3ad\u00e1s"},"content":{"rendered":"<p><strong>Tartalom<\/strong><\/p>\n<ul>\n<li>Magyar klasszikusok \u2013 Finta G\u00e1bor bemutat\u00f3ja<\/li>\n<ul>\n<li>Weiner Le\u00f3 munk\u00e1i (Finta G\u00e1bor)<\/li>\n<li>Weiner Le\u00f3: Divertimento (Arpeggione Chamber Orchestra, Robert Bokor)<\/li>\n<\/ul>\n<ul>\n<li>Kod\u00e1ly-V\u00f6r\u00f6smarty (Finta G\u00e1bor)<\/li>\n<li>Kod\u00e1ly Zolt\u00e1n: Liszt Ferenchez \u2013 Liszt Ferenchez (R\u00e1di\u00f3k\u00f3rus, Ferencsik)<\/li>\n<\/ul>\n<li>O. Nagy G\u00e1bor: Sz\u00f3l\u00e1sok \u00e9s mond\u00e1sok \u2013 Sz\u00f3l\u00e1s-mond\u00e1s Megu\u0308ti A Boka\u0301ja\u0301t (Hargitai Istv\u00e1n, Gergely Imelda)<\/li>\n<li>Papp Hotrenzia: Barangol\u00f3 \u2013 Barangol\u00f3 &#8211; K\u00e1rpatalja: Nagymuzsaly, Csetfalva (Bede-Fazekas Zsolt)<\/li>\n<li>Ungnak \u00e9s Tisz\u00e1nak (Credo)<\/li>\n<li>Indulj el egy \u00faton (Muzsik\u00e1s)<\/li>\n<li>Az OMH \u00e9s k\u00f6z\u00f6ss\u00e9g\u00fcnk h\u00edrei<\/li>\n<li>Azt gondoltam es\u0151 esik (Muzsik\u00e1s)<\/li>\n<li>Mag\u00e1nyos cs\u00f3nak (Tompos K\u00e1tya)<\/li>\n<li>Ha m\u00e9gegyszer l\u00e1thatn\u00e1m (Cip\u0151, J\u00e1vori Ferenc)<\/li>\n<li>Bee Gees: Immortality (Celine Deon)<\/li>\n<li>Czardas (Leahy)<\/li>\n<\/ul>\n<p><!--Sug\u00e1rzott v\u00e1ltozat: [sc_embed_player_template1 fileurl=\"\/hang\/radio\/2018\/CHIN-HUN-20180916.mp3\"]--><br \/>\nBek\u00fcld\u00f6tt rekl\u00e1mmentes anyag: <div class=\"sc_fancy_player_container\"><!--[if lt IE 9]><script>document.createElement('audio');<\/script><![endif]-->\n<audio class=\"wp-audio-shortcode\" id=\"audio-434928-1\" preload=\"none\" style=\"width: 100%;\" controls=\"controls\"><source type=\"audio\/mpeg\" src=\"\/hang\/radio\/2018\/OMHradio-20180916.mp3?_=1\" \/><a href=\"\/hang\/radio\/2018\/OMHradio-20180916.mp3\">\/hang\/radio\/2018\/OMHradio-20180916.mp3<\/a><\/audio><\/div><\/p>\n","protected":false},"excerpt":{"rendered":"<p>Tartalom Magyar klasszikusok \u2013 Finta G\u00e1bor bemutat\u00f3ja Weiner Le\u00f3 munk\u00e1i (Finta G\u00e1bor) Weiner Le\u00f3: Divertimento (Arpeggione Chamber Orchestra, Robert Bokor) Kod\u00e1ly-V\u00f6r\u00f6smarty (Finta G\u00e1bor) Kod\u00e1ly Zolt\u00e1n: Liszt Ferenchez \u2013 Liszt Ferenchez (R\u00e1di\u00f3k\u00f3rus, Ferencsik) O. Nagy G\u00e1bor: Sz\u00f3l\u00e1sok \u00e9s mond\u00e1sok \u2013 Sz\u00f3l\u00e1s-mond\u00e1s Megu\u0308ti A Boka\u0301ja\u0301t (Hargitai Istv\u00e1n, Gergely Imelda) Papp Hotrenzia: Barangol\u00f3 \u2013 Barangol\u00f3 &#8211; K\u00e1rpatalja: Nagymuzsaly, [&hellip;]<\/p>\n","protected":false},"author":3,"featured_media":0,"comment_status":"closed","ping_status":"closed","sticky":false,"template":"","format":"standard","meta":[],"categories":[28],"tags":[],"views":1323,"_links":{"self":[{"href":"https:\/\/omh-ohcc.ca\/hu\/wp-json\/wp\/v2\/posts\/434928"}],"collection":[{"href":"https:\/\/omh-ohcc.ca\/hu\/wp-json\/wp\/v2\/posts"}],"about":[{"href":"https:\/\/omh-ohcc.ca\/hu\/wp-json\/wp\/v2\/types\/post"}],"author":[{"embeddable":true,"href":"https:\/\/omh-ohcc.ca\/hu\/wp-json\/wp\/v2\/users\/3"}],"replies":[{"embeddable":true,"href":"https:\/\/omh-ohcc.ca\/hu\/wp-json\/wp\/v2\/comments?post=434928"}],"version-history":[{"count":0,"href":"https:\/\/omh-ohcc.ca\/hu\/wp-json\/wp\/v2\/posts\/434928\/revisions"}],"wp:attachment":[{"href":"https:\/\/omh-ohcc.ca\/hu\/wp-json\/wp\/v2\/media?parent=434928"}],"wp:term":[{"taxonomy":"category","embeddable":true,"href":"https:\/\/omh-ohcc.ca\/hu\/wp-json\/wp\/v2\/categories?post=434928"},{"taxonomy":"post_tag","embeddable":true,"href":"https:\/\/omh-ohcc.ca\/hu\/wp-json\/wp\/v2\/tags?post=434928"}],"curies":[{"name":"wp","href":"https:\/\/api.w.org\/{rel}","templated":true}]}}