{"id":434750,"date":"2018-06-03T22:03:44","date_gmt":"2018-06-04T02:03:44","guid":{"rendered":"http:\/\/omh-ohcc.ca\/hu\/?p=434750"},"modified":"2018-09-10T21:03:53","modified_gmt":"2018-09-11T01:03:53","slug":"2018-junius-3-i-radioadas","status":"publish","type":"post","link":"https:\/\/omh-ohcc.ca\/hu\/2018-junius-3-i-radioadas\/","title":{"rendered":"2018. j\u00fanius 3-i r\u00e1di\u00f3ad\u00e1s"},"content":{"rendered":"<p><strong>Tartalom<\/strong><\/p>\n<ul>\n<li>Erkel utols\u00f3 m\u0171ve \u2013 Finta G\u00e1bor bemutat\u00f3ja<\/li>\n<ul>\n<li> (Finta G\u00e1bor)<\/li>\n<li>Erkel Ferenc: \u00dcnnepi Nyit\u00e1ny (\u00c1HZ, Ferencsik)<\/li>\n<\/ul>\n<ul>\n<li>B\u00e1nk b\u00e1n (Finta G\u00e1bor)<\/li>\n<li>Erkel Ferenc: \u00dcnnepi Nyit\u00e1ny (\u00c1HZ, Ferencsik)<\/li>\n<\/ul>\n<li>Papp Hotrenzia: Barangol\u00f3 \u2013 Barangol\u00f3: Bakonyb\u00e9l, Moh\u00e1cs, Kalocsa (Bede-Fazekas Zsolt)<\/li>\n<li>Paprika, s\u00f3 (Ko\u00f3s \u00c9va)<\/li>\n<li>Az OMH \u00e9s k\u00f6z\u00f6ss\u00e9g\u00fcnk h\u00edrei<\/li>\n<li>Freny\u00f3 \u00c1gnes, J\u00f3zsef Attila: \u00d3h, sz\u00edv nyugodj (\u00c1gnes)<\/li>\n<li>Psalmus Hungaricus (Dsida Jen\u0151) (Csurka L\u00e1szl\u00f3)<\/li>\n<li>K\u00f6teles Leander, Czifra Mikl\u00f3s, F\u00e1bri Andr\u00e1s: Mad\u00e1r (Leander Kills, K\u00e1llai Ern\u0151, Dr\u00f3tos G\u00e1bor)<\/li>\n<li>Trianon (Juh\u00e1sz Gyula) (Csurka L\u00e1szl\u00f3)<\/li>\n<li>Erkel Ferenc, V\u00f6r\u00f6smarty Mih\u00e1ly, Egressy B\u00e9ni: Haz\u00e1m, haz\u00e1m (Leander Szimfonik)<\/li>\n<li>Haza a magasban (Illy\u00e9s Gyula) (Koncz G\u00e1bor)<\/li>\n<li>Don&#8217;t Let Me Down (Leahy)<\/li>\n<li>Chasing Rain: Otis (Leahy)<\/li>\n<\/ul>\n<p><!--Sug\u00e1rzott v\u00e1ltozat: [sc_embed_player_template1 fileurl=\"\/hang\/radio\/2018\/CHIN-HUN-20180603.mp3\"]--><br \/>\nBek\u00fcld\u00f6tt rekl\u00e1mmentes anyag: <div class=\"sc_fancy_player_container\"><!--[if lt IE 9]><script>document.createElement('audio');<\/script><![endif]-->\n<audio class=\"wp-audio-shortcode\" id=\"audio-434750-1\" preload=\"none\" style=\"width: 100%;\" controls=\"controls\"><source type=\"audio\/mpeg\" src=\"\/hang\/radio\/2018\/OMHradio-20180603.mp3?_=1\" \/><a href=\"\/hang\/radio\/2018\/OMHradio-20180603.mp3\">\/hang\/radio\/2018\/OMHradio-20180603.mp3<\/a><\/audio><\/div><\/p>\n","protected":false},"excerpt":{"rendered":"<p>Tartalom Erkel utols\u00f3 m\u0171ve \u2013 Finta G\u00e1bor bemutat\u00f3ja (Finta G\u00e1bor) Erkel Ferenc: \u00dcnnepi Nyit\u00e1ny (\u00c1HZ, Ferencsik) B\u00e1nk b\u00e1n (Finta G\u00e1bor) Erkel Ferenc: \u00dcnnepi Nyit\u00e1ny (\u00c1HZ, Ferencsik) Papp Hotrenzia: Barangol\u00f3 \u2013 Barangol\u00f3: Bakonyb\u00e9l, Moh\u00e1cs, Kalocsa (Bede-Fazekas Zsolt) Paprika, s\u00f3 (Ko\u00f3s \u00c9va) Az OMH \u00e9s k\u00f6z\u00f6ss\u00e9g\u00fcnk h\u00edrei Freny\u00f3 \u00c1gnes, J\u00f3zsef Attila: \u00d3h, sz\u00edv nyugodj (\u00c1gnes) Psalmus Hungaricus [&hellip;]<\/p>\n","protected":false},"author":3,"featured_media":0,"comment_status":"closed","ping_status":"closed","sticky":false,"template":"","format":"standard","meta":[],"categories":[28],"tags":[],"views":1520,"_links":{"self":[{"href":"https:\/\/omh-ohcc.ca\/hu\/wp-json\/wp\/v2\/posts\/434750"}],"collection":[{"href":"https:\/\/omh-ohcc.ca\/hu\/wp-json\/wp\/v2\/posts"}],"about":[{"href":"https:\/\/omh-ohcc.ca\/hu\/wp-json\/wp\/v2\/types\/post"}],"author":[{"embeddable":true,"href":"https:\/\/omh-ohcc.ca\/hu\/wp-json\/wp\/v2\/users\/3"}],"replies":[{"embeddable":true,"href":"https:\/\/omh-ohcc.ca\/hu\/wp-json\/wp\/v2\/comments?post=434750"}],"version-history":[{"count":0,"href":"https:\/\/omh-ohcc.ca\/hu\/wp-json\/wp\/v2\/posts\/434750\/revisions"}],"wp:attachment":[{"href":"https:\/\/omh-ohcc.ca\/hu\/wp-json\/wp\/v2\/media?parent=434750"}],"wp:term":[{"taxonomy":"category","embeddable":true,"href":"https:\/\/omh-ohcc.ca\/hu\/wp-json\/wp\/v2\/categories?post=434750"},{"taxonomy":"post_tag","embeddable":true,"href":"https:\/\/omh-ohcc.ca\/hu\/wp-json\/wp\/v2\/tags?post=434750"}],"curies":[{"name":"wp","href":"https:\/\/api.w.org\/{rel}","templated":true}]}}