{"id":434747,"date":"2018-05-27T21:49:30","date_gmt":"2018-05-28T01:49:30","guid":{"rendered":"http:\/\/omh-ohcc.ca\/hu\/?p=434747"},"modified":"2018-06-04T22:11:30","modified_gmt":"2018-06-05T02:11:30","slug":"2018-majus-27-i-radioadas","status":"publish","type":"post","link":"https:\/\/omh-ohcc.ca\/hu\/2018-majus-27-i-radioadas\/","title":{"rendered":"2018. m\u00e1jus 27-i r\u00e1di\u00f3ad\u00e1s"},"content":{"rendered":"<p><strong>Tartalom<\/strong><\/p>\n<ul>\n<li>Magyar klasszikusok \u2013 Finta G\u00e1bor bemutat\u00f3ja<\/li>\n<ul>\n<li>A barokk zene (Finta G\u00e1bor)<\/li>\n<li>Anonymus: Viet\u00f3risz k\u00f3dex \u2013 Magyat t\u00e1nc (MRT Orchestra, Gy\u00f6rgy Lehel)<\/li>\n<\/ul>\n<ul>\n<li>Esterh\u00e1zy munk\u00e1i (Finta G\u00e1bor)<\/li>\n<li>Veni creator spiritus (Magyar Barokk-zenei Egyes\u00fclet)<\/li>\n<\/ul>\n<ul>\n<li>Impriviz\u00e1ci\u00f3 (Finta G\u00e1bor)<\/li>\n<li>Barokk improviz\u00e1ci\u00f3 (Kist\u00e9t\u00e9nyi Melinda)<\/li>\n<\/ul>\n<li>O. Nagy G\u00e1bor: Sz\u00f3l\u00e1sok \u00e9s mond\u00e1sok (Hargitai Istv\u00e1n, Gergely Imelda)<\/li>\n<li>Papp Hotrenzia: Barangol\u00f3 &#8211; T\u00f6rpefalvak: Iborfia, Gagyap\u00e1ti (Bede-Fazekas Zsolt)<\/li>\n<li>Bal\u00e1zs \u00c1rp\u00e1d, \u00c9ltet\u0151 \u00c1kos: Itthagyom a falutokat (Rem\u00e9nyik S\u00e1ndor)<\/li>\n<li>Z\u00f6lderd\u0151ben de magas (Szalonna \u00e9s band\u00e1ja. P\u00e1l Eszter)<\/li>\n<li>Az OMH \u00e9s k\u00f6z\u00f6ss\u00e9g\u00fcnk h\u00edrei<\/li>\n<li>Tradicion\u00e1is: A kar\u00e1di faluv\u00e9g\u00e9n, K\u0151szikl\u00e1n felfut\u00f3, Be\u00fcltettem kiskertemet (Kisbojt\u00e1r, Guly\u00e1s Feri)<\/li>\n<li>Besz\u00e9lget\u00e9s Horv\u00e1th Krisztin\u00e1val (Horv\u00e1th Krisztina, T\u00f3th Magdolna)<\/li>\n<li>Tradicion\u00e1lis: \u00daj csizm\u00e1m, De szeretn\u00e9k p\u00e1va lenni (Kisbojt\u00e1r, Guly\u00e1s Feri)<\/li>\n<li>Gzowski Medley: Our Highland Quee (Leahy)<\/li>\n<\/ul>\n<p><!--Sug\u00e1rzott v\u00e1ltozat: [sc_embed_player_template1 fileurl=\"\/hang\/radio\/2018\/CHIN-HUN-20180527.mp3\"]--><br \/>\nBek\u00fcld\u00f6tt rekl\u00e1mmentes anyag: <div class=\"sc_fancy_player_container\"><!--[if lt IE 9]><script>document.createElement('audio');<\/script><![endif]-->\n<audio class=\"wp-audio-shortcode\" id=\"audio-434747-1\" preload=\"none\" style=\"width: 100%;\" controls=\"controls\"><source type=\"audio\/mpeg\" src=\"\/hang\/radio\/2018\/OMHradio-20180527.mp3?_=1\" \/><a href=\"\/hang\/radio\/2018\/OMHradio-20180527.mp3\">\/hang\/radio\/2018\/OMHradio-20180527.mp3<\/a><\/audio><\/div><\/p>\n","protected":false},"excerpt":{"rendered":"<p>Tartalom Magyar klasszikusok \u2013 Finta G\u00e1bor bemutat\u00f3ja A barokk zene (Finta G\u00e1bor) Anonymus: Viet\u00f3risz k\u00f3dex \u2013 Magyat t\u00e1nc (MRT Orchestra, Gy\u00f6rgy Lehel) Esterh\u00e1zy munk\u00e1i (Finta G\u00e1bor) Veni creator spiritus (Magyar Barokk-zenei Egyes\u00fclet) Impriviz\u00e1ci\u00f3 (Finta G\u00e1bor) Barokk improviz\u00e1ci\u00f3 (Kist\u00e9t\u00e9nyi Melinda) O. Nagy G\u00e1bor: Sz\u00f3l\u00e1sok \u00e9s mond\u00e1sok (Hargitai Istv\u00e1n, Gergely Imelda) Papp Hotrenzia: Barangol\u00f3 &#8211; T\u00f6rpefalvak: Iborfia, [&hellip;]<\/p>\n","protected":false},"author":3,"featured_media":0,"comment_status":"closed","ping_status":"closed","sticky":false,"template":"","format":"standard","meta":[],"categories":[28],"tags":[],"views":1550,"_links":{"self":[{"href":"https:\/\/omh-ohcc.ca\/hu\/wp-json\/wp\/v2\/posts\/434747"}],"collection":[{"href":"https:\/\/omh-ohcc.ca\/hu\/wp-json\/wp\/v2\/posts"}],"about":[{"href":"https:\/\/omh-ohcc.ca\/hu\/wp-json\/wp\/v2\/types\/post"}],"author":[{"embeddable":true,"href":"https:\/\/omh-ohcc.ca\/hu\/wp-json\/wp\/v2\/users\/3"}],"replies":[{"embeddable":true,"href":"https:\/\/omh-ohcc.ca\/hu\/wp-json\/wp\/v2\/comments?post=434747"}],"version-history":[{"count":0,"href":"https:\/\/omh-ohcc.ca\/hu\/wp-json\/wp\/v2\/posts\/434747\/revisions"}],"wp:attachment":[{"href":"https:\/\/omh-ohcc.ca\/hu\/wp-json\/wp\/v2\/media?parent=434747"}],"wp:term":[{"taxonomy":"category","embeddable":true,"href":"https:\/\/omh-ohcc.ca\/hu\/wp-json\/wp\/v2\/categories?post=434747"},{"taxonomy":"post_tag","embeddable":true,"href":"https:\/\/omh-ohcc.ca\/hu\/wp-json\/wp\/v2\/tags?post=434747"}],"curies":[{"name":"wp","href":"https:\/\/api.w.org\/{rel}","templated":true}]}}