{"id":434708,"date":"2018-05-13T19:50:37","date_gmt":"2018-05-13T23:50:37","guid":{"rendered":"http:\/\/omh-ohcc.ca\/hu\/?p=434708"},"modified":"2018-05-21T12:40:35","modified_gmt":"2018-05-21T16:40:35","slug":"2018-majus-13-i-radioadas","status":"publish","type":"post","link":"https:\/\/omh-ohcc.ca\/hu\/2018-majus-13-i-radioadas\/","title":{"rendered":"2018. m\u00e1jus 13-i r\u00e1di\u00f3ad\u00e1s"},"content":{"rendered":"<p><strong>Tartalom<\/strong><\/p>\n<ul>\n<li>Magyar klasszikusok \u2013 Finta G\u00e1bor bemutat\u00f3ja<\/li>\n<ul>\n<li>A tavasz zen\u00e9je (Finta G\u00e1bor)<\/li>\n<li>Christian Sinding: Tavaszi zsong\u00e1s \u2013 Fr\u00fchlingsrauschen<\/li>\n<\/ul>\n<ul>\n<li>Karai munk\u00e1i (Finta G\u00e1bor)<\/li>\n<li>Karai J\u00f3zsef: Spring Song \u2013 tavaszi dal  (Tavasz Choir)<\/li>\n<\/ul>\n<ul>\n<li>Bal\u00e1zs munk\u00e1ja (Finta G\u00e1bor)<\/li>\n<li>Bal\u00e1zs \u00c1rp\u00e1d: Vir\u00e1gim, vir\u00e1gim \u2013 Tavaszi sz\u00e9l (Budapesti Ifj\u00fas\u00e1gi K\u00f3rus, Gerenday \u00c1gnes)<\/li>\n<\/ul>\n<li>O. Nagy G\u00e1bor: Sz\u00f3l\u00e1sok \u00e9s mond\u00e1sok \u2013 Sz\u00f3l\u00e1s-mond\u00e1s: Nagy f\u00e1ba v\u00e1gja (Hargitai Istv\u00e1n, Gergely Imelda)<\/li>\n<li>Papp Hotrenzia: Barangol\u00f3 \u2013 Barangol\u00f3: D\u00f6br\u00f6nte, Szarvask\u0151v\u00e1ra, Ganna (Bede-Fazekas Zsolt)<\/li>\n<li>G\u00e1sp\u00e1r Laci, Czutor Zolt\u00e1n: Ha minden van, semmit se l\u00e1tsz (Ricco &#038; Claudia)<\/li>\n<li>Czifra Mikl\u00f3s, F\u00e1bri Andr\u00e1s, K\u00f6teles Leander, Szarka J\u00f3zsef:  \u2013 Tan\u00edts meg \u00e9lni (Amigod)<\/li>\n<li>Az OMH \u00e9s k\u00f6z\u00f6ss\u00e9g\u00fcnk h\u00edrei<\/li>\n<li>Anya csak egy lehet (L\u00e1szl\u00f3 Attila)<\/li>\n<li>Any\u00e1k napja az Ottawai Magyar H\u00e1zban (T\u00f3th Magdolna)<\/li>\n<li>F\u00fcleki J\u00e1nos, Juh\u00e1sz Katalin: Any\u00e1k napi k\u00f6sz\u00f6nt\u0151 (Juh\u00e1sz Katalin)<\/li>\n<li>Iskol\u00e1sok any\u00e1k napi m\u0171sora az Ottawai Magyar H\u00e1zban<\/li>\n<li>Pom\u00e1zi Zolt\u00e1n, V\u00f6r\u00f6s Andor, Janikovszky \u00c9va: Kire \u00fct\u00f6tt ez a gyerek (Hal\u00e1sz Judit)<\/li>\n<li>Moln\u00e1r Orsolya, Moln\u00e1r Zsolt: Kev\u00e9s a sz\u00f3 (Moln\u00e1r Orsi)<\/li>\n<li>I&#8217;m Your Angel (Ce\u0301line Dion, R. Kelly)<\/li>\n<\/ul>\n<p><!--Sug\u00e1rzott v\u00e1ltozat: [sc_embed_player_template1 fileurl=\"\/hang\/radio\/2018\/CHIN-HUN-20180513.mp3\"]--><br \/>\nBek\u00fcld\u00f6tt rekl\u00e1mmentes anyag: <div class=\"sc_fancy_player_container\"><!--[if lt IE 9]><script>document.createElement('audio');<\/script><![endif]-->\n<audio class=\"wp-audio-shortcode\" id=\"audio-434708-1\" preload=\"none\" style=\"width: 100%;\" controls=\"controls\"><source type=\"audio\/mpeg\" src=\"\/hang\/radio\/2018\/OMHradio-20180513.mp3?_=1\" \/><a href=\"\/hang\/radio\/2018\/OMHradio-20180513.mp3\">\/hang\/radio\/2018\/OMHradio-20180513.mp3<\/a><\/audio><\/div><\/p>\n","protected":false},"excerpt":{"rendered":"<p>Tartalom Magyar klasszikusok \u2013 Finta G\u00e1bor bemutat\u00f3ja A tavasz zen\u00e9je (Finta G\u00e1bor) Christian Sinding: Tavaszi zsong\u00e1s \u2013 Fr\u00fchlingsrauschen Karai munk\u00e1i (Finta G\u00e1bor) Karai J\u00f3zsef: Spring Song \u2013 tavaszi dal (Tavasz Choir) Bal\u00e1zs munk\u00e1ja (Finta G\u00e1bor) Bal\u00e1zs \u00c1rp\u00e1d: Vir\u00e1gim, vir\u00e1gim \u2013 Tavaszi sz\u00e9l (Budapesti Ifj\u00fas\u00e1gi K\u00f3rus, Gerenday \u00c1gnes) O. Nagy G\u00e1bor: Sz\u00f3l\u00e1sok \u00e9s mond\u00e1sok \u2013 Sz\u00f3l\u00e1s-mond\u00e1s: [&hellip;]<\/p>\n","protected":false},"author":3,"featured_media":0,"comment_status":"closed","ping_status":"closed","sticky":false,"template":"","format":"standard","meta":[],"categories":[28],"tags":[],"views":1394,"_links":{"self":[{"href":"https:\/\/omh-ohcc.ca\/hu\/wp-json\/wp\/v2\/posts\/434708"}],"collection":[{"href":"https:\/\/omh-ohcc.ca\/hu\/wp-json\/wp\/v2\/posts"}],"about":[{"href":"https:\/\/omh-ohcc.ca\/hu\/wp-json\/wp\/v2\/types\/post"}],"author":[{"embeddable":true,"href":"https:\/\/omh-ohcc.ca\/hu\/wp-json\/wp\/v2\/users\/3"}],"replies":[{"embeddable":true,"href":"https:\/\/omh-ohcc.ca\/hu\/wp-json\/wp\/v2\/comments?post=434708"}],"version-history":[{"count":0,"href":"https:\/\/omh-ohcc.ca\/hu\/wp-json\/wp\/v2\/posts\/434708\/revisions"}],"wp:attachment":[{"href":"https:\/\/omh-ohcc.ca\/hu\/wp-json\/wp\/v2\/media?parent=434708"}],"wp:term":[{"taxonomy":"category","embeddable":true,"href":"https:\/\/omh-ohcc.ca\/hu\/wp-json\/wp\/v2\/categories?post=434708"},{"taxonomy":"post_tag","embeddable":true,"href":"https:\/\/omh-ohcc.ca\/hu\/wp-json\/wp\/v2\/tags?post=434708"}],"curies":[{"name":"wp","href":"https:\/\/api.w.org\/{rel}","templated":true}]}}