{"id":434420,"date":"2018-02-04T17:18:46","date_gmt":"2018-02-04T22:18:46","guid":{"rendered":"http:\/\/omh-ohcc.ca\/hu\/?p=434420"},"modified":"2018-02-04T23:45:09","modified_gmt":"2018-02-05T04:45:09","slug":"kalandadventure-tabor","status":"publish","type":"post","link":"https:\/\/omh-ohcc.ca\/hu\/kalandadventure-tabor\/","title":{"rendered":"KalandAdventure t\u00e1bor"},"content":{"rendered":"<h2>P\u00e1ly\u00e1zati felh\u00edv\u00e1s magyar sz\u00e1rmaz\u00e1s\u00fa kanadai fiatalok sz\u00e1m\u00e1ra<\/h2>\n<p><img decoding=\"async\" class=\"alignright\" src=\"\/kep\/160\/be\/jelveny\/KalandAdventure.jpg\" alt=\"KalandAdventure Egyes\u00fclet\" width=\"160\" \/>A KalandAdventure Magyar-Kanadai Kultur\u00e1lis Egyes\u00fclet t\u00e1borai m\u00e1r \u00e9vek \u00f3ta m\u0171k\u00f6dnek Magyarorsz\u00e1gon magyar \u00e9s k\u00fclf\u00f6ldi 8-17 \u00e9ves kor\u00fa gyerekek, valamint fiatal kanadai \u00f6nk\u00e9ntesek r\u00e9szv\u00e9tel\u00e9vel.<\/p>\n<p>Egyes\u00fclet\u00fcnk k\u00fcldet\u00e9s\u00e9vel \u00f6sszhangban l\u00e9trehoztunk egy saj\u00e1t oktat\u00e1si programot \u00e9s egy angol nyelv\u0171 t\u00e1bort Magyarorsz\u00e1gon. Munk\u00e1nknak k\u00e9t ir\u00e1ny\u00fa c\u00e9lja van. Egyr\u00e9szt, igyeksz\u00fcnk egy olyan l\u00e9gk\u00f6r\u0171, j\u00f3kedv\u0171 angol t\u00e1bort l\u00e9trehozni a magyar \u00e9s m\u00e1s k\u00fclf\u00f6ldi gyerekeknek, ahol kieg\u00e9sz\u00edtve az iskolai angol tanulm\u00e1nyaikat a mindennapi angol haszn\u00e1lat\u00e1ba vezetj\u00fck be \u0151ket. M\u00e1sr\u00e9szt, az angol nyelv\u0171 programjaink vezet\u00e9s\u00e9hez \u00e9vr\u0151l \u00e9vre magyar sz\u00e1rmaz\u00e1s\u00fa, m\u00e1sodik-harmadik gener\u00e1ci\u00f3s fiatalokat foglalkoztatunk Kanad\u00e1b\u00f3l, hogy lehet\u0151s\u00e9get adjunk nekik hosszabb magyarorsz\u00e1gi tart\u00f3zkod\u00e1sra \u00e9s a gy\u00f6kereik megismer\u00e9s\u00e9re. \u00d6nk\u00e9nteseink mindannyian magyar, vagy eur\u00f3pai sz\u00e1rmaz\u00e1s\u00fa fiatalok, akik a t\u00e1borokban v\u00e9gzett munk\u00e1juk el\u0151tt \u00e9s ut\u00e1n kir\u00e1ndul\u00e1sokat tesznek, v\u00e9gigl\u00e1togatj\u00e1k a rokonokat, nyakukba veszik az \u00f3haz\u00e1t: egy fantasztikus nyarat elt\u00f6ltve Eur\u00f3p\u00e1ban.<\/p>\n<p>A gyerekt\u00e1borok mellett, 2018 nyar\u00e1n most el\u0151sz\u00f6r feln\u0151tteknek is meghirdet\u00fcnk intenz\u00edv kommunik\u00e1ci\u00f3s tr\u00e9ningeket, melynek c\u00e9lja az angolul tanul\u00f3 fiatal feln\u0151ttek besz\u00e9dk\u00e9szs\u00e9g\u00e9nek fejleszt\u00e9se kellemes \u00e9s stresszmentes k\u00f6rnyezetben.<\/p>\n<p>Hatalmas \u00f6r\u00f6m sz\u00e1munkra, hogy t\u00e1mogat\u00f3ink j\u00f3volt\u00e1b\u00f3l 2018-ban lehet\u0151s\u00e9g\u00fcnk van arra, hogy a teljes ell\u00e1t\u00e1s, a sz\u00e1ll\u00e1s \u00e9s egy\u00e9b kisebb juttat\u00e1sokon t\u00fal hozz\u00e1j\u00e1ruljunk \u00f6nk\u00e9nteseink rep\u00fcl\u0151jegyeinek k\u00f6lts\u00e9geihez is.<\/p>\n<p>A t\u00e1mogat\u00e1s megszerz\u00e9se p\u00e1ly\u00e1zati \u00faton lehets\u00e9ges. A p\u00e1ly\u00e1zatokat Egyes\u00fclet\u00fcnk e-mail c\u00edm\u00e9re kell eljuttatni <strong>2018. m\u00e1rcius 15<\/strong>-ig. A p\u00e1ly\u00e1zatok elb\u00edr\u00e1l\u00e1sa a be\u00e9rkez\u00e9s sorrendj\u00e9ben t\u00f6rt\u00e9nik. A p\u00e1ly\u00e1zaton nyerhet\u0151 \u00f6sszeg maximum $800 CAN\/f\u0151. A t\u00e1mogat\u00e1sra ford\u00edthat\u00f3 teljes \u00f6sszeg $6400 CAN. A p\u00e1ly\u00e1zatban r\u00e9szt vehet minden olyan 19-28 \u00e9ves fiatal, aki sz\u00edvesen v\u00e1llal \u00f6nk\u00e9ntes munk\u00e1t 8-17 \u00e9ves gyerekek mellett \u00e9s sz\u00edvesen foglalkozik 18 \u00e9ven fel\u00fcli feln\u0151ttekkel Magyarorsz\u00e1gon.<\/p>\n<p>A p\u00e1ly\u00e1zat elb\u00edr\u00e1l\u00e1s\u00e1ban a magyar nyelvtud\u00e1s nem felt\u00e9tel, de a munkav\u00e9gz\u00e9shez kiv\u00e1l\u00f3 angol nyelvtud\u00e1s sz\u00fcks\u00e9ges.<\/p>\n<p>Inform\u00e1ci\u00f3 a t\u00e1borr\u00f3l \u00e9s az \u00f6nk\u00e9ntes lehet\u0151s\u00e9gr\u0151l Egyes\u00fclet\u00fcnk weboldal\u00e1n tal\u00e1lhat\u00f3:<br \/>\n<a href=\"https:\/\/www.angolnyelvutabor.com\/englishcampinhungary\">Angol nyelv\u0171 t\u00e1bor honlapja<\/a><br \/>\n<a href=\"https:\/\/www.angolnyelvutabor.com\/join-our-team\">Angol nyelv\u0171 t\u00e1bor \u2013 csatlakoz\u00e1s<\/a><\/p>\n","protected":false},"excerpt":{"rendered":"<p>P\u00e1ly\u00e1zati felh\u00edv\u00e1s magyar sz\u00e1rmaz\u00e1s\u00fa kanadai fiatalok sz\u00e1m\u00e1ra A KalandAdventure Magyar-Kanadai Kultur\u00e1lis Egyes\u00fclet t\u00e1borai m\u00e1r \u00e9vek \u00f3ta m\u0171k\u00f6dnek Magyarorsz\u00e1gon magyar \u00e9s k\u00fclf\u00f6ldi 8-17 \u00e9ves kor\u00fa gyerekek, valamint fiatal kanadai \u00f6nk\u00e9ntesek r\u00e9szv\u00e9tel\u00e9vel. Egyes\u00fclet\u00fcnk k\u00fcldet\u00e9s\u00e9vel \u00f6sszhangban l\u00e9trehoztunk egy saj\u00e1t oktat\u00e1si programot \u00e9s egy angol nyelv\u0171 t\u00e1bort Magyarorsz\u00e1gon. Munk\u00e1nknak k\u00e9t ir\u00e1ny\u00fa c\u00e9lja van. Egyr\u00e9szt, igyeksz\u00fcnk egy olyan l\u00e9gk\u00f6r\u0171, j\u00f3kedv\u0171 [&hellip;]<\/p>\n","protected":false},"author":1,"featured_media":0,"comment_status":"closed","ping_status":"closed","sticky":false,"template":"","format":"standard","meta":[],"categories":[31,32],"tags":[],"views":2831,"_links":{"self":[{"href":"https:\/\/omh-ohcc.ca\/hu\/wp-json\/wp\/v2\/posts\/434420"}],"collection":[{"href":"https:\/\/omh-ohcc.ca\/hu\/wp-json\/wp\/v2\/posts"}],"about":[{"href":"https:\/\/omh-ohcc.ca\/hu\/wp-json\/wp\/v2\/types\/post"}],"author":[{"embeddable":true,"href":"https:\/\/omh-ohcc.ca\/hu\/wp-json\/wp\/v2\/users\/1"}],"replies":[{"embeddable":true,"href":"https:\/\/omh-ohcc.ca\/hu\/wp-json\/wp\/v2\/comments?post=434420"}],"version-history":[{"count":0,"href":"https:\/\/omh-ohcc.ca\/hu\/wp-json\/wp\/v2\/posts\/434420\/revisions"}],"wp:attachment":[{"href":"https:\/\/omh-ohcc.ca\/hu\/wp-json\/wp\/v2\/media?parent=434420"}],"wp:term":[{"taxonomy":"category","embeddable":true,"href":"https:\/\/omh-ohcc.ca\/hu\/wp-json\/wp\/v2\/categories?post=434420"},{"taxonomy":"post_tag","embeddable":true,"href":"https:\/\/omh-ohcc.ca\/hu\/wp-json\/wp\/v2\/tags?post=434420"}],"curies":[{"name":"wp","href":"https:\/\/api.w.org\/{rel}","templated":true}]}}