{"id":433499,"date":"2017-02-11T23:59:47","date_gmt":"2017-02-12T04:59:47","guid":{"rendered":"http:\/\/omh-ohcc.ca\/hu\/?p=433499"},"modified":"2023-11-06T21:21:34","modified_gmt":"2023-11-07T02:21:34","slug":"vasutallomas","status":"publish","type":"post","link":"https:\/\/omh-ohcc.ca\/hu\/vasutallomas\/","title":{"rendered":"Vas\u00fat\u00e1llom\u00e1s"},"content":{"rendered":"<p>A minap, febru\u00e1r 11-\u00e9n, Th\u00e1lia egyik felkent papja tolta be szeker\u00e9t az Ottawa-i Magyar H\u00e1z <a href=\"\/hu\/events\/vasutallomas\/\" target=\"_blank\" rel=\"noopener\">sz\u00ednpadj\u00e1ra<\/a>, sarogly\u00e1j\u00e1ban J\u00f3zsef Attila legt\u00f6bb kedvelt vers\u00e9vel.<\/p>\n<p><img decoding=\"async\" class=\"alignright\" src=\"\/kep\/be\/rendezveny\/2017\/20170211-TothPeterLorant\/20170211-OMH-TothPeterLorant-05-k.jpg\" alt=\"k\u00e9p\" width=\"250\" \/><\/p>\n<p align=\"justify\">T\u00f3th P\u00e9ter L\u00f3r\u00e1nt, a b\u0171v\u00f6s p\u00e9kinas m\u00f3dj\u00e1ra, felejthetetlen \u00edz\u0171 kal\u00e1csot font f\u00fcl\u00fcnk hallat\u00e1ra \u2013 szem\u00fcnk l\u00e1tt\u00e1ra, a r\u00f6gt\u00f6nz\u00f6tt helysz\u00ednen, Attila visszaeml\u00e9kez\u00e9sib\u0151l, jelent\u0151s verseib\u0151l. Olyannyira, hogy elbizonytalanodtunk. Ki maradt \u00e1rv\u00e1n? Attila, aki hol lelenc volt, hol ism\u00e9telten t\u00e1rstalan; T\u00f3th P\u00e9ter L\u00f3r\u00e1nt, aki krisztusi korban v\u00e1llalta mag\u00e1ra a k\u00f6lt\u00e9szet hirdet\u00e9s\u00e9t minden \u00e1ron, mindenhol; vagy mi, akik csak azut\u00e1n kezdt\u00fcnk el mozgol\u00f3dni, hogy az ismert mondatok elhangzottak.<\/p>\n<p>Sz\u00e9p este volt!<\/p>\n<p align=\"justify\">Egy rejtett professzionalizmussal megszerkesztett, h\u00e9tk\u00f6znapian hangz\u00f3, de m\u00e9gis nemes hang\u00fa m\u0171sornak lehett\u00fcnk tan\u00fai egy hib\u00e1tlan, term\u00e9szetesen kifejl\u0151, profikkal veteked\u0151 el\u0151ad\u00e1sban. T\u00f3th P\u00e9ter L\u00f3r\u00e1nt meg\u00e9rdemelten b\u00fcszk\u00e9lkedhet d\u00edjaival. Meglep\u0151 volt ez a b\u0151s\u00e9g!<\/p>\n<p align=\"justify\">Sz\u00edvesen l\u00e1tn\u00e1nk viszont ezt a fiatalembert k\u00f6vetkez\u0151 t\u00e9r\u00edt\u0151\u00fatj\u00e1n is, ha b\u0151r\u00f6ndj\u00e9vel megl\u00e1togatna.<\/p>\n<p><img decoding=\"async\" class=\"alignleft\" src=\"\/kep\/be\/rendezveny\/2017\/20170211-TothPeterLorant\/20170211-OMH-TothPeterLorant-08-k.jpg\" alt=\"k\u00e9p\" width=\"160\" \/><img decoding=\"async\" class=\"alignleft\" src=\"\/kep\/be\/rendezveny\/2017\/20170211-TothPeterLorant\/20170211-OMH-TothPeterLorant-14-k.jpg\" alt=\"k\u00e9p\" width=\"160\" \/><img decoding=\"async\" class=\"alignleft\" src=\"\/kep\/be\/rendezveny\/2017\/20170211-TothPeterLorant\/20170211-OMH-TothPeterLorant-16-k.jpg\" alt=\"k\u00e9p\" width=\"160\" \/><\/p>\n<table style=\"border: none;\">\n<tbody>\n<tr>\n<td style=\"border: none;\" colspan=\"2\">\n<h3>Az OMH-ban tartott el\u0151ad\u00e1s<\/h3>\n<\/td>\n<\/tr>\n<tr>\n<td style=\"border: none; text-align: center; vertical-align: top;\">I. r\u00e9sz<\/td>\n<td style=\"border: none; text-align: center; vertical-align: top;\">II. r\u00e9sz<\/td>\n<\/tr>\n<tr>\n<td style=\"border: none; text-align: center; vertical-align: top;\">\n<iframe loading=\"lazy\" width=\"250\" height=\"141\" src=\"https:\/\/www.youtube.com\/embed\/FlNIWqhcwng?feature=oembed\" frameborder=\"0\" allowfullscreen><\/iframe><\/td>\n<td style=\"border: none; text-align: center; vertical-align: top;\">\n<iframe loading=\"lazy\" width=\"250\" height=\"141\" src=\"https:\/\/www.youtube.com\/embed\/BDppODptHIg?feature=oembed\" frameborder=\"0\" allowfullscreen><\/iframe><\/td>\n<\/tr>\n<\/tbody>\n<\/table>\n<p><em>(Finta G\u00e1bor \u00e9s Kolesz\u00e1r Istv\u00e1n felv\u00e9telei)<\/em><\/p>\n","protected":false},"excerpt":{"rendered":"<p>A minap, febru\u00e1r 11-\u00e9n, Th\u00e1lia egyik felkent papja tolta be szeker\u00e9t az Ottawa-i Magyar H\u00e1z sz\u00ednpadj\u00e1ra, sarogly\u00e1j\u00e1ban J\u00f3zsef Attila legt\u00f6bb kedvelt vers\u00e9vel. T\u00f3th P\u00e9ter L\u00f3r\u00e1nt, a b\u0171v\u00f6s p\u00e9kinas m\u00f3dj\u00e1ra, felejthetetlen \u00edz\u0171 kal\u00e1csot font f\u00fcl\u00fcnk hallat\u00e1ra \u2013 szem\u00fcnk l\u00e1tt\u00e1ra, a r\u00f6gt\u00f6nz\u00f6tt helysz\u00ednen, Attila visszaeml\u00e9kez\u00e9sib\u0151l, jelent\u0151s verseib\u0151l. Olyannyira, hogy elbizonytalanodtunk. Ki maradt \u00e1rv\u00e1n? Attila, aki hol lelenc [&hellip;]<\/p>\n","protected":false},"author":1,"featured_media":0,"comment_status":"closed","ping_status":"closed","sticky":false,"template":"","format":"standard","meta":[],"categories":[15,39],"tags":[],"views":2809,"_links":{"self":[{"href":"https:\/\/omh-ohcc.ca\/hu\/wp-json\/wp\/v2\/posts\/433499"}],"collection":[{"href":"https:\/\/omh-ohcc.ca\/hu\/wp-json\/wp\/v2\/posts"}],"about":[{"href":"https:\/\/omh-ohcc.ca\/hu\/wp-json\/wp\/v2\/types\/post"}],"author":[{"embeddable":true,"href":"https:\/\/omh-ohcc.ca\/hu\/wp-json\/wp\/v2\/users\/1"}],"replies":[{"embeddable":true,"href":"https:\/\/omh-ohcc.ca\/hu\/wp-json\/wp\/v2\/comments?post=433499"}],"version-history":[{"count":1,"href":"https:\/\/omh-ohcc.ca\/hu\/wp-json\/wp\/v2\/posts\/433499\/revisions"}],"predecessor-version":[{"id":438630,"href":"https:\/\/omh-ohcc.ca\/hu\/wp-json\/wp\/v2\/posts\/433499\/revisions\/438630"}],"wp:attachment":[{"href":"https:\/\/omh-ohcc.ca\/hu\/wp-json\/wp\/v2\/media?parent=433499"}],"wp:term":[{"taxonomy":"category","embeddable":true,"href":"https:\/\/omh-ohcc.ca\/hu\/wp-json\/wp\/v2\/categories?post=433499"},{"taxonomy":"post_tag","embeddable":true,"href":"https:\/\/omh-ohcc.ca\/hu\/wp-json\/wp\/v2\/tags?post=433499"}],"curies":[{"name":"wp","href":"https:\/\/api.w.org\/{rel}","templated":true}]}}