{"id":433462,"date":"2017-01-31T12:00:35","date_gmt":"2017-01-31T17:00:35","guid":{"rendered":"http:\/\/omh-ohcc.ca\/hu\/?p=433462"},"modified":"2017-02-01T09:58:29","modified_gmt":"2017-02-01T14:58:29","slug":"korlevel-2017-01-31","status":"publish","type":"post","link":"https:\/\/omh-ohcc.ca\/hu\/korlevel-2017-01-31\/","title":{"rendered":"K\u00f6rlev\u00e9l"},"content":{"rendered":"<p>Kedves tagok, bar\u00e1tok, \u00e9rdekl\u0151d\u0151k!<\/p>\n<p>Az Igazgat\u00f3i Tan\u00e1cs (IT) a rendszeres p\u00e9nteki vacsor\u00e1k besz\u00fcntet\u00e9s\u00e9re <strong>k\u00e9nyszer\u00fclt<\/strong>. Ennek els\u0151dleges \u00e9s egyetlen oka a <strong>nagy mennyis\u00e9gek f\u0151z\u00e9s\u00e9ben j\u00e1rtas szak\u00e1cs \u00e9s kiseg\u00edt\u0151 munkaer\u0151 sz\u0171ke<\/strong>. Ennek k\u00f6zeledt\u00e9t m\u00e1r az elm\u00falt tags\u00e1gi gy\u0171l\u00e9seken is jelezt\u00fck, de bejelent\u00e9s\u00fcnk a helyzeten eddig, sajnos, m\u00e9g nem enyh\u00edtett. A p\u00e9nteki eb\u00e9deket tov\u00e1bbra is sz\u00e1nd\u00e9kozunk fenntartani, azzal a megjegyz\u00e9ssel, hogy <strong>ezek munkaer\u0151 fedezete is bizonytalan<\/strong>. \u00d6nk\u00e9nteseket <strong>mindig keres\u00fcnk<\/strong>, m\u00e9g ha nem is verj\u00fck \u00e1lland\u00f3 jelleggel nagy dobra.<\/p>\n<div style=\"width: 210px\" class=\"wp-caption alignright\"><a href=\"\/kep\/be\/hireink\/20170131-penteki_plakat\/20170131-penteki_plakat-hu.pdf\" target=\"_blank\"><img decoding=\"async\" src=\"\/kep\/be\/hireink\/20170131-penteki_plakat\/20170131-penteki_plakat-hu-k.jpg\" alt=\"poster\" width=\"200\" \/><\/a><p class=\"wp-caption-text\">Let\u00f6lthet\u0151 plak\u00e1t<\/p><\/div>\n<p>A tiszt\u00e1nl\u00e1t\u00e1s \u00e9rdek\u00e9ben jegyezz\u00fck meg, hogy a vacsor\u00e1kba befektetett munka \u00e9s id\u0151 ugyanakkora, mint az eb\u00e9dekn\u00e9l, m\u00edg a vacsor\u00e1z\u00f3k sz\u00e1ma egyre cs\u00f6kken \u00e9s m\u00e1r r\u00e9g a fel\u00e9t se \u00e9ri el az eb\u00e9del\u0151k\u00e9nek. K\u00f6vetkez\u00e9sk\u00e9ppen a p\u00e9ntek esti j\u00f6vedelem m\u00e1r csak valamivel volt t\u00f6bb, mint maga a nyersanyag k\u00f6lts\u00e9ge, \u00e9s a maroknyi \u00f6nk\u00e9ntes munk\u00e1ja teljesen hat\u00e9konytalann\u00e1 v\u00e1lt. Ezt v\u00e1llalni m\u00e1r nem lehet, hacsak sokkal t\u00f6bben be nem seg\u00edtenek a f\u0151z\u00e9sbe, \u00e9s v\u00e1ltj\u00e1k egym\u00e1st. Csak a konyh\u00e1ra sz\u00e1m\u00edtva, eddig egy-egy p\u00e9nteki eb\u00e9d-vacsora 20-24 emberi munka\u00f3r\u00e1ba ker\u00fclt. A v\u00e1ltoztat\u00e1ssal ez kb. 12 \u00f3r\u00e1ra cs\u00f6kken, amit m\u00e9g mindig teljes\u00edteni kell.<\/p>\n<p>A vacsor\u00e1k besz\u00fcntet\u00e9s\u00e9vel ezt a csek\u00e9ly esti j\u00f6vedelmet a H\u00e1z term\u00e9szetesen elvesz\u00edti, \u00e9s az IT ennek \ufb01gyelembev\u00e9tel\u00e9vel fogja tervezni \u00e9s szervezni a H\u00e1z tov\u00e1bbi tev\u00e9kenys\u00e9g\u00e9t.<br \/>\nMint eddig is, a p\u00e9nteki napokon \u00e9s a rendezv\u00e9nyes h\u00e9tv\u00e9geken a H\u00e1znak olyan <strong>elk\u00f6telezett, kitart\u00f3 \u00e9s rendszeress\u00e9ggel felaj\u00e1nlott seg\u00edt\u0151 k\u00e9zre van sz\u00fcks\u00e9ge<\/strong>, melyre biztosan sz\u00e1m\u00edthat. \u00cdg\u00e9reteket eddig is kapott, bev\u00e1ltott seg\u00edts\u00e9get ann\u00e1l kevesebbet. Ha csak havonta egyszer, el\u0151re l\u00e1that\u00f3 ism\u00e9tl\u0151d\u00e9ssel, 2-3 szem\u00e9ly egy f\u0151z\u0151brig\u00e1dnak \u00f6ssze\u00e1ll, egy p\u00e9ntek vagy egy rendezv\u00e9ny \u00e9tkeztet\u00e9si k\u00e9rd\u00e9se meg van oldva. Meg kell jegyezn\u00fcnk, hogy az \u00f6nk\u00e9ntes jelz\u0151 haszn\u00e1lata n\u00e9mileg megt\u00e9veszt\u0151, mert a H\u00e1z csek\u00e9ly anyagi juttat\u00e1ssal ismeri el az IT-n k\u00edv\u00fcli \u201e\u00f6nk\u00e9ntes\u201d munk\u00e1j\u00e1t. Az IT tagok konyhaszolg\u00e1lati \u201ej\u00f6vedelme\u201d mindig a H\u00e1z\u00e9.<\/p>\n<p>A l\u00e9nyeg az, hogy <strong>v\u00e1llvetve<\/strong> \u00e9s <strong>szervezetten<\/strong> munk\u00e1lkodjon mindenki, akinek sz\u00edv\u00fcgye a Magyar H\u00e1z fennmarad\u00e1sa \u00e9s eredm\u00e9nyes m\u0171k\u00f6dtet\u00e9se. J\u00f3 lenne ezt a k\u00f6z\u00f6s otthont \u00f6r\u00f6kre a t\u00e9rk\u00e9pen tartani, nem csak a magunk sz\u00e1m\u00e1ra, hanem az elk\u00f6vetkez\u0151 nemzed\u00e9k\u00e9re is. <strong>A H\u00e1z egy \u00f6r\u00f6ks\u00e9g<\/strong>, amit gondozni, \u00e1polni kell!<\/p>\n<p>Rem\u00e9nyked\u00fcnk a munkaer\u0151 gyarapod\u00e1s\u00e1ban. Bek\u00f6vetkezt\u00e9ig ellenben a H\u00e1z nyitvatart\u00e1si rendj\u00e9t a k\u00f6vetkez\u0151k\u00e9ppen vagyunk k\u00e9nytelenek m\u00f3dos\u00edtani:<\/p>\n<p>12.00 \u2013 15.00 <strong>eb\u00e9d felszolg\u00e1l\u00e1sa<\/strong><br \/>\n17.00 \u2013 20.00 t\u00e1rsalg\u00f3, nyugd\u00edjas klub, k\u00f6nyvt\u00e1rl\u00e1togat\u00e1s, alkalmi rendezv\u00e9nyek \u2013 <strong>vacsora n\u00e9lk\u00fcl<\/strong>.<\/p>\n<p>Tov\u00e1bbra is fogadunk <strong>elvitelre<\/strong> rendel\u00e9seket. Ezek k\u00f6z\u00fcl csak azok el\u00e9gt\u00e9tel\u00e9t tudjuk biztos\u00edtani, melyeket a <strong>megel\u0151z\u0151 nap reggel 8.00 \u00f3r\u00e1ig<\/strong> leadnak. A rendelt \u00e9lelmet az OMH szab\u00e1lyos p\u00e9nteki nyitvatart\u00e1si ideje alatt lehet <strong>felvenni<\/strong>. A ki nem \ufb01zetett rendel\u00e9seket az OMH-nak j\u00e1r\u00f3 tartoz\u00e1sk\u00e9nt tartjuk nyilv\u00e1n \u00e9s k\u00f6nyvelj\u00fck el.<\/p>\n<p>T\u00e1mogat\u00e1sukat v\u00e1rva<br \/>\n<em>az OMH rem\u00e9nyked\u0151 Igazgat\u00f3i Tan\u00e1csa<\/em><\/p>\n","protected":false},"excerpt":{"rendered":"<p>Kedves tagok, bar\u00e1tok, \u00e9rdekl\u0151d\u0151k! Az Igazgat\u00f3i Tan\u00e1cs (IT) a rendszeres p\u00e9nteki vacsor\u00e1k besz\u00fcntet\u00e9s\u00e9re k\u00e9nyszer\u00fclt. Ennek els\u0151dleges \u00e9s egyetlen oka a nagy mennyis\u00e9gek f\u0151z\u00e9s\u00e9ben j\u00e1rtas szak\u00e1cs \u00e9s kiseg\u00edt\u0151 munkaer\u0151 sz\u0171ke. Ennek k\u00f6zeledt\u00e9t m\u00e1r az elm\u00falt tags\u00e1gi gy\u0171l\u00e9seken is jelezt\u00fck, de bejelent\u00e9s\u00fcnk a helyzeten eddig, sajnos, m\u00e9g nem enyh\u00edtett. A p\u00e9nteki eb\u00e9deket tov\u00e1bbra is sz\u00e1nd\u00e9kozunk fenntartani, azzal [&hellip;]<\/p>\n","protected":false},"author":1,"featured_media":0,"comment_status":"closed","ping_status":"closed","sticky":false,"template":"","format":"standard","meta":[],"categories":[26],"tags":[],"views":2025,"_links":{"self":[{"href":"https:\/\/omh-ohcc.ca\/hu\/wp-json\/wp\/v2\/posts\/433462"}],"collection":[{"href":"https:\/\/omh-ohcc.ca\/hu\/wp-json\/wp\/v2\/posts"}],"about":[{"href":"https:\/\/omh-ohcc.ca\/hu\/wp-json\/wp\/v2\/types\/post"}],"author":[{"embeddable":true,"href":"https:\/\/omh-ohcc.ca\/hu\/wp-json\/wp\/v2\/users\/1"}],"replies":[{"embeddable":true,"href":"https:\/\/omh-ohcc.ca\/hu\/wp-json\/wp\/v2\/comments?post=433462"}],"version-history":[{"count":0,"href":"https:\/\/omh-ohcc.ca\/hu\/wp-json\/wp\/v2\/posts\/433462\/revisions"}],"wp:attachment":[{"href":"https:\/\/omh-ohcc.ca\/hu\/wp-json\/wp\/v2\/media?parent=433462"}],"wp:term":[{"taxonomy":"category","embeddable":true,"href":"https:\/\/omh-ohcc.ca\/hu\/wp-json\/wp\/v2\/categories?post=433462"},{"taxonomy":"post_tag","embeddable":true,"href":"https:\/\/omh-ohcc.ca\/hu\/wp-json\/wp\/v2\/tags?post=433462"}],"curies":[{"name":"wp","href":"https:\/\/api.w.org\/{rel}","templated":true}]}}