{"id":433393,"date":"2016-12-04T23:59:34","date_gmt":"2016-12-05T04:59:34","guid":{"rendered":"http:\/\/omh-ohcc.ca\/hu\/?p=433393"},"modified":"2023-11-06T21:21:34","modified_gmt":"2023-11-07T02:21:34","slug":"itt-jart-mikulas-2016","status":"publish","type":"post","link":"https:\/\/omh-ohcc.ca\/hu\/itt-jart-mikulas-2016\/","title":{"rendered":"Itt j\u00e1rt Mikul\u00e1s!"},"content":{"rendered":"<p><a href=\"\/kep\/be\/rendezveny\/2016\/20161204-Mikulas\/20161204-mikulas-01.jpg\" target=\"_blank\" rel=\"noopener\"><img decoding=\"async\" class=\"alignleft\" src=\"\/kep\/be\/rendezveny\/2016\/20161204-Mikulas\/20161204-mikulas-01-k.jpg\" alt=\"k\u00e9p\" width=\"200\" \/><\/a> A Mikul\u00e1s \u00e9rkez\u00e9se r\u00e9gi hagyom\u00e1ny az Ottawai Magyar H\u00e1zban. Ez \u00e9vben is megrendezt\u00fck <a href=\"\/hu\/events\/mikulas-jaras\/\">az \u00fcnneps\u00e9get<\/a>, ahol a gyerekek a Mikul\u00e1sra v\u00e1rva kar\u00e1csonyfadiszeket \u00e9s m\u00e9zeskal\u00e1csot k\u00e9sz\u00edtettek. A Moldov\u00e1n Gizike \u00e9s Mukli Ildik\u00f3 s\u00fct\u00f6tte f\u00e1nk seg\u00edtett a v\u00e1rakoz\u00e1st ler\u00f6vid\u00edteni.  \u00c9rkez\u00e9se ut\u00e1n, a nagyszak\u00e1ll\u00fa Mikul\u00e1s kedvesen elbesz\u00e9lgetett az apr\u00f3s\u00e1gokkal \u00e9s megaj\u00e1nd\u00e9kozta \u0151ket. A meghitt hangulat\u00fa d\u00e9lut\u00e1n vid\u00e1m n\u00e9pt\u00e1nccal fejez\u0151d\u00f6tt be. <a href=\"\/kep\/be\/rendezveny\/2016\/20161204-Mikulas\/20161204-mikulas-02.jpg\" target=\"_blank\" rel=\"noopener\"><img decoding=\"async\" class=\"alignright\" src=\"\/kep\/be\/rendezveny\/2016\/20161204-Mikulas\/20161204-mikulas-02-k.jpg\" alt=\"k\u00e9p\" width=\"200\" \/><\/a><\/p>\n<p><iframe loading=\"lazy\" width=\"300\" height=\"169\" src=\"https:\/\/www.youtube.com\/embed\/Ps3ZZPwYOrQ?feature=oembed\" frameborder=\"0\" gesture=\"media\" allowfullscreen><\/iframe><\/td>\n<p><em>(Finta G\u00e1bor felv\u00e9telei)<\/em><\/p>\n","protected":false},"excerpt":{"rendered":"<p>A Mikul\u00e1s \u00e9rkez\u00e9se r\u00e9gi hagyom\u00e1ny az Ottawai Magyar H\u00e1zban. Ez \u00e9vben is megrendezt\u00fck az \u00fcnneps\u00e9get, ahol a gyerekek a Mikul\u00e1sra v\u00e1rva kar\u00e1csonyfadiszeket \u00e9s m\u00e9zeskal\u00e1csot k\u00e9sz\u00edtettek. A Moldov\u00e1n Gizike \u00e9s Mukli Ildik\u00f3 s\u00fct\u00f6tte f\u00e1nk seg\u00edtett a v\u00e1rakoz\u00e1st ler\u00f6vid\u00edteni. \u00c9rkez\u00e9se ut\u00e1n, a nagyszak\u00e1ll\u00fa Mikul\u00e1s kedvesen elbesz\u00e9lgetett az apr\u00f3s\u00e1gokkal \u00e9s megaj\u00e1nd\u00e9kozta \u0151ket. A meghitt hangulat\u00fa d\u00e9lut\u00e1n vid\u00e1m n\u00e9pt\u00e1nccal [&hellip;]<\/p>\n","protected":false},"author":1,"featured_media":0,"comment_status":"closed","ping_status":"closed","sticky":false,"template":"","format":"standard","meta":[],"categories":[15,39],"tags":[],"views":2246,"_links":{"self":[{"href":"https:\/\/omh-ohcc.ca\/hu\/wp-json\/wp\/v2\/posts\/433393"}],"collection":[{"href":"https:\/\/omh-ohcc.ca\/hu\/wp-json\/wp\/v2\/posts"}],"about":[{"href":"https:\/\/omh-ohcc.ca\/hu\/wp-json\/wp\/v2\/types\/post"}],"author":[{"embeddable":true,"href":"https:\/\/omh-ohcc.ca\/hu\/wp-json\/wp\/v2\/users\/1"}],"replies":[{"embeddable":true,"href":"https:\/\/omh-ohcc.ca\/hu\/wp-json\/wp\/v2\/comments?post=433393"}],"version-history":[{"count":1,"href":"https:\/\/omh-ohcc.ca\/hu\/wp-json\/wp\/v2\/posts\/433393\/revisions"}],"predecessor-version":[{"id":438632,"href":"https:\/\/omh-ohcc.ca\/hu\/wp-json\/wp\/v2\/posts\/433393\/revisions\/438632"}],"wp:attachment":[{"href":"https:\/\/omh-ohcc.ca\/hu\/wp-json\/wp\/v2\/media?parent=433393"}],"wp:term":[{"taxonomy":"category","embeddable":true,"href":"https:\/\/omh-ohcc.ca\/hu\/wp-json\/wp\/v2\/categories?post=433393"},{"taxonomy":"post_tag","embeddable":true,"href":"https:\/\/omh-ohcc.ca\/hu\/wp-json\/wp\/v2\/tags?post=433393"}],"curies":[{"name":"wp","href":"https:\/\/api.w.org\/{rel}","templated":true}]}}