{"id":432698,"date":"2016-04-18T21:07:16","date_gmt":"2016-04-19T01:07:16","guid":{"rendered":"http:\/\/omh-ohcc.ca\/hu\/?p=432698"},"modified":"2023-11-06T21:21:34","modified_gmt":"2023-11-07T02:21:34","slug":"karinthy-ferenc-gellerthegyi-almok-szinhazi-eloadas","status":"publish","type":"post","link":"https:\/\/omh-ohcc.ca\/hu\/karinthy-ferenc-gellerthegyi-almok-szinhazi-eloadas\/","title":{"rendered":"Karinthy Ferenc: Gell\u00e9rthegyi \u00e1lmok &#8211; sz\u00ednh\u00e1zi el\u0151ad\u00e1s"},"content":{"rendered":"<h3>\u00c9szak-amerikai \u00e1lmok<\/h3>\n<p>A minap (\u00e1prilis 16-\u00e1n) ism\u00e9t <a href=\"http:\/\/omh-ohcc.ca\/hu\/events\/szinhaz-es-fotokiallitas\/\">sz\u00ednh\u00e1zi \u00e9lm\u00e9ny<\/a> \u00e9lvez\u0151i lehett\u00fcnk Ottaw\u00e1ban, Karinthy Ferenc Gell\u00e9rthegyi \u00e1lm\u00e1val, amikor h\u00e1rom, a Marosv\u00e1s\u00e1rhelyi Sz\u00ednm\u0171v\u00e9szeti Egyetem (kor\u00e1bbi nev\u00e9n Szentgy\u00f6rgyi Istv\u00e1n Sz\u00ednm\u0171v\u00e9szeti Int\u00e9zet) padjait-deszk\u00e1it koptat\u00f3 fiatal m\u0171v\u00e9sz produkci\u00f3j\u00e1ban gy\u00f6ny\u00f6rk\u00f6dhett\u00fcnk. Megbizonyosodhattunk: ez a legend\u00e1s int\u00e9zet, mely a magyar nyelv\u0171 sz\u00ednj\u00e1tsz\u00e1s egyik b\u00f6lcs\u0151je volt \u201eeleit\u0151l fogva\u201d, t\u00f6retlen diadal\u00fatj\u00e1t j\u00e1rja ma is, valamikori di\u00e1kjai (jelenkori tan\u00e1rai) \u00e1ldozatos munk\u00e1j\u00e1nak \u00e9s a csepered\u0151 tan\u00edtv\u00e1nyok tehets\u00e9g\u00e9nek k\u00f6sz\u00f6nhet\u0151en. Mert ezek a fiatalok egy jott\u00e1nyit sem maradnak el nagy el\u0151deik sz\u00e1rnypr\u00f3b\u00e1lgat\u00e1sait\u00f3l, s a kr\u00f3nik\u00e1s megnyugv\u00e1ssal tekinthet a j\u00f6v\u0151be. Az erd\u00e9lyi, \u00e9s \u00e1tt\u00e9telesen, az \u00f6sszmagyars\u00e1g az ol\u00fcmposzi f\u00e1kly\u00e1t szil\u00e1rdan tartja kez\u00e9ben, s az egym\u00e1st k\u00f6vet\u0151 nemzed\u00e9kek egym\u00e1st ihletve szolg\u00e1lj\u00e1k a haz\u00e1t k\u00f6vet\u0151 els\u0151 kincs\u00fcnk, anyanyelv\u00fcnk, szent \u00fcgy\u00e9t. Ez\u00e9rt tartja \u0151ket a n\u00e9p Th\u00e1lia papjainak \u00e9s papn\u0151inek. S ha bet\u00f6ltik hivat\u00e1sukat, el\u0151re k\u00f6sz\u00f6nnek nekik az utc\u00e1n az emberek. Ak\u00e1rcsak egy j\u00f3 papnak vagy egy megbecs\u00fclt tan\u00e1rnak.<\/p>\n<p>Nos, ennek a h\u00e1rom fiatalnak sem lesz sz\u00e9gyellnival\u00f3ja. A sz\u00ednpadon csak kett\u0151 \u00fcgyk\u00f6d\u00f6tt ugyan, de ritka jelens\u00e9gk\u00e9nt, a csendes partner, a rendez\u0151 is ki tudta venni r\u00e9sz\u00e9t az el\u0151ad\u00e1sb\u00f3l. <img decoding=\"async\" class=\"alignleft\" src=\"\/kep\/be\/rendezveny\/2016\/20160416-szinhaz_es_fotokiallitas\/20160416-eloadas-4.jpg\" width=\"300\" \/> Egyenrang\u00fa, el\u0151ad\u00e1st teremt\u0151 r\u00e9ssz\u00e9 v\u00e1lt a L\u00e9tm\u00e1nyi Attila \u00e1ltal kialak\u00edtott j\u00e1t\u00e9kt\u00e9r \u00e9s a frapp\u00e1ns, sz\u0171k\u00f6s keretekhez igazod\u00f3 r\u00f6gt\u00f6nz\u00f6tt, de t\u00f6bb mint el\u00e9gs\u00e9ges d\u00edszlet, az igen tal\u00e1l\u00f3, hangulatkelt\u0151 kezdeti koreogr\u00e1fiai el\u0151legez\u00e9s, aminek visszat\u00e9r\u0151 elemeit a szerepl\u0151k javukra, \u00e9s indokoltan tudtak kihaszn\u00e1lni a k\u00e9s\u0151bbiekben. A zuhan\u00f3 \u00e9s becsap\u00f3d\u00f3 bomb\u00e1k zaj\u00e1t, az elny\u00fajtott g\u00e9pfegyversorozatok kattog\u00e1s\u00e1t helyettes\u00edt\u0151 Arvo P\u00e4rt-osztin\u00e1t\u00f3 a nyers hanghat\u00e1sokat volt hivatott felid\u00e9zni. Sz\u00edvem szerint a t\u00e9nyleges hang-effektusokat oldottam volna fel a zseni\u00e1lis \u00e9szt\u00a0zeneszerz\u0151 l\u00e1gy, de ugyanannyira nyugtalan\u00edt\u00f3, szorong\u00e1st kelt\u0151 minimalista sz\u00e9ri\u00e1iba, de csak az\u00e9rt, mert valamikor megsz\u00e1llottan n\u00e9zt\u00fck pajt\u00e1saimmal a jobbn\u00e1l jobb h\u00e1bor\u00fas filmeket \u00e9s hi\u00e1nyzott a fegyverzaj. T\u00fal\u00e9lem. <img decoding=\"async\" class=\"alignright\" src=\"\/kep\/be\/rendezveny\/2016\/20160416-szinhaz_es_fotokiallitas\/20160416-eloadas-3.jpg\" width=\"300\" \/> \u00dajszer\u0171 alkalmaz\u00e1sa ez a modern zen\u00e9nek (m\u00e1sk\u00e9nt mulat manaps\u00e1g egy magyar \u00far!), de t\u00e1volr\u00f3l sem olyan meglep\u0151 Samuel Barber Adagioj\u00e1nak h\u00e1bor\u00fas filmekben val\u00f3 szerepeltet\u00e9se \u00f3ta. L\u00e9tjogosults\u00e1ga viszont vitathatatlan. Minden kornak adottak a saj\u00e1t eszk\u00f6zei, s mivel alig van \u00faj a nap alatt \u00e9s azt mindegyik gener\u00e1ci\u00f3 ki kell fejezze, \u00fajrafogalmazza mag\u00e1nak, a kih\u00edv\u00e1s a gyepesed\u0151 elm\u00e9knek sz\u00f3l: tess\u00e9k l\u00e9p\u00e9st tartani a korral! Ezt mi \u00f6r\u00f6mmel megtessz\u00fck.<\/p>\n<p><img decoding=\"async\" class=\"alignleft\" src=\"\/kep\/be\/rendezveny\/2016\/20160416-szinhaz_es_fotokiallitas\/20160416-eloadas-2.jpg\" width=\"300\" \/> \u00c9s most a szerepl\u0151kr\u0151l, akik naponta viszik b\u0151r\u00fcket a v\u00e1s\u00e1rra \u2013 T\u00f3th Szilvia Lilla, B\u00e1lint \u00d6rs Hunor. Alap\u00e1ll\u00e1s: minden apait &#8211; anyait beleadtak. Vagyis, a tanult mesters\u00e9gbeli eszk\u00f6z\u00f6k okos felvonultat\u00e1s\u00e1val elk\u00e1pr\u00e1ztattak. Saj\u00e1t fiatals\u00e1guk hit\u00e9t, lelki tisztas\u00e1g\u00e1t, rend\u00edthetetlen rem\u00e9ny\u00e9t hitelesen tudt\u00e1k tov\u00e1bbadni. Lehet, hogy most m\u00e9g k\u00f6nnyen j\u00f6n (mert ebben \u00e9lnek), de azt k\u00edv\u00e1nom, hogy e szok\u00e1sukat kitart\u00e1ssal gyakorolj\u00e1k. Sokszor kell m\u00e9g ahhoz, \u00edg\u00e9retesnek mutatkoz\u00f3 p\u00e1lyafut\u00e1suk alatt, folyamodniuk. Mert a sz\u00edn\u00e9sz kenyere a saj\u00e1t mag\u00e1ba \u00e9s a k\u00f6z\u00f6ss\u00e9gbe vetett hit. Ingadoz\u00f3, de n\u00e9lk\u00fcl\u00f6zhetetlen. A j\u00f3 sz\u00edn\u00e9sz mindig tudja, mikor j\u00f3, de m\u00e9gis megk\u00e9rdi: ez a legnagyobb fizets\u00e9ge. <img decoding=\"async\" class=\"alignright\" src=\"\/kep\/be\/rendezveny\/2016\/20160416-szinhaz_es_fotokiallitas\/20160416-eloadas-1.jpg\" width=\"300\" \/> Ez\u00e9rt mondom, olyan j\u00f3k voltatok, gyerekek, hogy hitt\u00fcnk nektek! Ha sz\u00e9pen, okosan, kitart\u00f3an csin\u00e1lj\u00e1tok m\u00e9g vagy \u00f6tven \u00e9vig ugyanezt, ugyan\u00edgy, felmen\u0151itek mosolyogva, k\u00f6z\u00f6ns\u00e9getek h\u00e1l\u00e1san fog sz\u00edv\u00e9be z\u00e1rni.\u00a0 Ki ne v\u00e1gyna egy Orosz Lujza, egy Elekes Emma, egy Tanai Bella, egy Kov\u00e1cs Gy\u00f6rgy, egy P\u00e9terffy Gyuszi, egy Cs\u00edky Bandi (de sz\u00e1z\u00e1val voltak!!!) &#8211; lassan &#8211; mennyei mosoly\u00e1ra?!<\/p>\n<p>Kem\u00e9ny, g\u00f6r\u00f6ngy\u00f6s \u00fat \u00e1ll el\u0151ttetek, de nyolcvan ember m\u00e1r nektek drukkol Ottaw\u00e1ban!<br \/>\n<em><br \/>\nK\u00f6nt\u00e9s B\u00e9la<\/p>\n<p>fot\u00f3: Kov\u00e1cs Kata<\/em><\/p>\n<p>A sz\u00edn\u00e9szekkel \u00e9s a rendez\u0151vel k\u00e9sz\u00fclt interj\u00fat az al\u00e1bbi felv\u00e9telen l\u00e1thatj\u00e1k:<\/p>\n<p><iframe loading=\"lazy\" width=\"300\" height=\"169\" src=\"https:\/\/www.youtube.com\/embed\/Hj4pz_Ti1og?feature=oembed\" frameborder=\"0\" allowfullscreen><\/iframe><\/p>\n<p>Az OMH-ban tartott teljes el\u0151ad\u00e1st itt lehet megtekinteni:<\/p>\n<p><iframe loading=\"lazy\" width=\"300\" height=\"169\" src=\"https:\/\/www.youtube.com\/embed\/FLSBaLUYJTE?feature=oembed\" frameborder=\"0\" allowfullscreen><\/iframe><\/p>\n","protected":false},"excerpt":{"rendered":"<p>\u00c9szak-amerikai \u00e1lmok A minap (\u00e1prilis 16-\u00e1n) ism\u00e9t sz\u00ednh\u00e1zi \u00e9lm\u00e9ny \u00e9lvez\u0151i lehett\u00fcnk Ottaw\u00e1ban, Karinthy Ferenc Gell\u00e9rthegyi \u00e1lm\u00e1val, amikor h\u00e1rom, a Marosv\u00e1s\u00e1rhelyi Sz\u00ednm\u0171v\u00e9szeti Egyetem (kor\u00e1bbi nev\u00e9n Szentgy\u00f6rgyi Istv\u00e1n Sz\u00ednm\u0171v\u00e9szeti Int\u00e9zet) padjait-deszk\u00e1it koptat\u00f3 fiatal m\u0171v\u00e9sz produkci\u00f3j\u00e1ban gy\u00f6ny\u00f6rk\u00f6dhett\u00fcnk. Megbizonyosodhattunk: ez a legend\u00e1s int\u00e9zet, mely a magyar nyelv\u0171 sz\u00ednj\u00e1tsz\u00e1s egyik b\u00f6lcs\u0151je volt \u201eeleit\u0151l fogva\u201d, t\u00f6retlen diadal\u00fatj\u00e1t j\u00e1rja ma is, valamikori [&hellip;]<\/p>\n","protected":false},"author":1,"featured_media":0,"comment_status":"closed","ping_status":"closed","sticky":false,"template":"","format":"standard","meta":[],"categories":[15,39],"tags":[],"views":2681,"_links":{"self":[{"href":"https:\/\/omh-ohcc.ca\/hu\/wp-json\/wp\/v2\/posts\/432698"}],"collection":[{"href":"https:\/\/omh-ohcc.ca\/hu\/wp-json\/wp\/v2\/posts"}],"about":[{"href":"https:\/\/omh-ohcc.ca\/hu\/wp-json\/wp\/v2\/types\/post"}],"author":[{"embeddable":true,"href":"https:\/\/omh-ohcc.ca\/hu\/wp-json\/wp\/v2\/users\/1"}],"replies":[{"embeddable":true,"href":"https:\/\/omh-ohcc.ca\/hu\/wp-json\/wp\/v2\/comments?post=432698"}],"version-history":[{"count":2,"href":"https:\/\/omh-ohcc.ca\/hu\/wp-json\/wp\/v2\/posts\/432698\/revisions"}],"predecessor-version":[{"id":438638,"href":"https:\/\/omh-ohcc.ca\/hu\/wp-json\/wp\/v2\/posts\/432698\/revisions\/438638"}],"wp:attachment":[{"href":"https:\/\/omh-ohcc.ca\/hu\/wp-json\/wp\/v2\/media?parent=432698"}],"wp:term":[{"taxonomy":"category","embeddable":true,"href":"https:\/\/omh-ohcc.ca\/hu\/wp-json\/wp\/v2\/categories?post=432698"},{"taxonomy":"post_tag","embeddable":true,"href":"https:\/\/omh-ohcc.ca\/hu\/wp-json\/wp\/v2\/tags?post=432698"}],"curies":[{"name":"wp","href":"https:\/\/api.w.org\/{rel}","templated":true}]}}