{"id":432552,"date":"2016-03-03T14:48:56","date_gmt":"2016-03-03T19:48:56","guid":{"rendered":"http:\/\/omh-ohcc.ca\/hu\/?p=432552"},"modified":"2023-11-06T21:21:45","modified_gmt":"2023-11-07T02:21:45","slug":"magyarok-a-vilag-nyolcezresein","status":"publish","type":"post","link":"https:\/\/omh-ohcc.ca\/hu\/magyarok-a-vilag-nyolcezresein\/","title":{"rendered":"Magyarok a vil\u00e1g nyolcezresein"},"content":{"rendered":"<p>Tudt\u00e1k, hogy f\u00f6ld\u00fcnk legmagasabb hegys\u00e9g\u00e9ben, a Himal\u00e1j\u00e1ban tizenn\u00e9gy 8000 m\u00e9tern\u00e9l magasabb hegycs\u00facs van? \u00c9s azt, hogy ezek k\u00f6z\u00fcl 12 cs\u00facson m\u00e1r lengett a magyar z\u00e1szl\u00f3?<\/p>\n<p>Ezekr\u0151l a hegym\u00e1sz\u00f3 exped\u00edci\u00f3kr\u00f3l tartottak <a href=\"http:\/\/omh-ohcc.ca\/hu\/events\/magyarok-a-vilag-nyolcezresein\/\">vet\u00edt\u00e9ssel egybek\u00f6t\u00f6tt \u00e9lm\u00e9nybesz\u00e1mol\u00f3t<\/a> a <em>Magyarok a vil\u00e1g nyolcezresein<\/em> elnevez\u00e9s\u0171 exped\u00edci\u00f3-sorozat alap\u00edt\u00f3tagjai, Koll\u00e1r Lajos \u00e9s M\u00e9cs L\u00e1szl\u00f3 febru\u00e1r 28-\u00e1n. A 2003-2013 k\u00f6z\u00f6tt megval\u00f3sul\u00f3 exped\u00edci\u00f3k sor\u00e1n meg\u00e9ltek \u00fcnnep\u00e9lyes sikereket, \u00e9s f\u00e1jdalmas vesztes\u00e9geket, fel\u00e9rtek 12 cs\u00facsra, ezek k\u00f6z\u00fcl t\u00f6bbsz\u00f6r teljesen \u00faj \u00fatvonalat h\u00f3d\u00edtottak meg. M\u00e1sz\u00f3st\u00edlusukkal nemzetk\u00f6zi elismer\u00e9st v\u00edvtak ki maguknak, az \u00fagynevezett \u201etiszta\u201d, sportos m\u00e1sz\u00e1st r\u00e9szes\u00edtik el\u0151nyben, ami annyit jelent, hogy nem haszn\u00e1lnak oxig\u00e9npalackot, \u00e9s a cs\u00facst\u00e1mad\u00e1sokat k\u00fcls\u0151 teherhord\u00f3k seg\u00edts\u00e9ge n\u00e9lk\u00fcl val\u00f3s\u00edtj\u00e1k meg. Ez rendk\u00edv\u00fcli fizikai \u00e9s szellemi er\u0151nl\u00e9tet, magas szint\u0171 felk\u00e9sz\u00fclts\u00e9get k\u00edv\u00e1n minden m\u00e1sz\u00f3t\u00f3l. A csapat legsikeresebb m\u00e1sz\u00f3ja, a harmadik alap\u00edt\u00f3tag, Er\u0151ss Zsolt, aki 2013-ban az utols\u00f3 exped\u00edci\u00f3n vesztette \u00e9let\u00e9t. Ez volt \u00e9let\u00e9nek t\u00edzedik, \u00e9s egyben utols\u00f3 nyolcezrese.<\/p>\n<p>A k\u00f6zel k\u00e9t \u00f3r\u00e1s el\u0151ad\u00e1s ut\u00e1n csak \u00fagy z\u00e1poroztak a k\u00e9rd\u00e9sek a k\u00f6z\u00f6ns\u00e9g soraib\u00f3l, inform\u00e1ci\u00f3t szerezhett\u00fcnk az exped\u00edci\u00f3k technikai h\u00e1tter\u00e9r\u0151l, a felk\u00e9sz\u00fcl\u00e9s menet\u00e9r\u0151l, j\u00f6v\u0151beli tervekr\u0151l, lelki \u00e9s fizikai k\u00edv\u00e1nalmakr\u00f3l.<\/p>\n<p>Remek este volt, k\u00f6sz\u00f6nj\u00fck mindenkinek a r\u00e9szv\u00e9telt, a seg\u00edt\u0151knek pedig az \u00f6nzetlen munk\u00e1t!<\/p>\n<p><em>Kov\u00e1cs Kata<\/em><\/p>\n","protected":false},"excerpt":{"rendered":"<p>Tudt\u00e1k, hogy f\u00f6ld\u00fcnk legmagasabb hegys\u00e9g\u00e9ben, a Himal\u00e1j\u00e1ban tizenn\u00e9gy 8000 m\u00e9tern\u00e9l magasabb hegycs\u00facs van? \u00c9s azt, hogy ezek k\u00f6z\u00fcl 12 cs\u00facson m\u00e1r lengett a magyar z\u00e1szl\u00f3? Ezekr\u0151l a hegym\u00e1sz\u00f3 exped\u00edci\u00f3kr\u00f3l tartottak vet\u00edt\u00e9ssel egybek\u00f6t\u00f6tt \u00e9lm\u00e9nybesz\u00e1mol\u00f3t a Magyarok a vil\u00e1g nyolcezresein elnevez\u00e9s\u0171 exped\u00edci\u00f3-sorozat alap\u00edt\u00f3tagjai, Koll\u00e1r Lajos \u00e9s M\u00e9cs L\u00e1szl\u00f3 febru\u00e1r 28-\u00e1n. A 2003-2013 k\u00f6z\u00f6tt megval\u00f3sul\u00f3 exped\u00edci\u00f3k sor\u00e1n meg\u00e9ltek [&hellip;]<\/p>\n","protected":false},"author":1,"featured_media":0,"comment_status":"closed","ping_status":"closed","sticky":false,"template":"","format":"standard","meta":[],"categories":[15,39],"tags":[],"views":1875,"_links":{"self":[{"href":"https:\/\/omh-ohcc.ca\/hu\/wp-json\/wp\/v2\/posts\/432552"}],"collection":[{"href":"https:\/\/omh-ohcc.ca\/hu\/wp-json\/wp\/v2\/posts"}],"about":[{"href":"https:\/\/omh-ohcc.ca\/hu\/wp-json\/wp\/v2\/types\/post"}],"author":[{"embeddable":true,"href":"https:\/\/omh-ohcc.ca\/hu\/wp-json\/wp\/v2\/users\/1"}],"replies":[{"embeddable":true,"href":"https:\/\/omh-ohcc.ca\/hu\/wp-json\/wp\/v2\/comments?post=432552"}],"version-history":[{"count":1,"href":"https:\/\/omh-ohcc.ca\/hu\/wp-json\/wp\/v2\/posts\/432552\/revisions"}],"predecessor-version":[{"id":438642,"href":"https:\/\/omh-ohcc.ca\/hu\/wp-json\/wp\/v2\/posts\/432552\/revisions\/438642"}],"wp:attachment":[{"href":"https:\/\/omh-ohcc.ca\/hu\/wp-json\/wp\/v2\/media?parent=432552"}],"wp:term":[{"taxonomy":"category","embeddable":true,"href":"https:\/\/omh-ohcc.ca\/hu\/wp-json\/wp\/v2\/categories?post=432552"},{"taxonomy":"post_tag","embeddable":true,"href":"https:\/\/omh-ohcc.ca\/hu\/wp-json\/wp\/v2\/tags?post=432552"}],"curies":[{"name":"wp","href":"https:\/\/api.w.org\/{rel}","templated":true}]}}