{"id":4108,"date":"2021-01-17T21:22:52","date_gmt":"2021-01-18T02:22:52","guid":{"rendered":"https:\/\/omh-ohcc.ca\/en\/?p=4108"},"modified":"2021-01-23T18:03:47","modified_gmt":"2021-01-23T23:03:47","slug":"radio-program-on-january-17-2021","status":"publish","type":"post","link":"https:\/\/omh-ohcc.ca\/en\/radio-program-on-january-17-2021\/","title":{"rendered":"Radio Program on January 17, 2021"},"content":{"rendered":"<p><strong>Content<\/strong><\/p>\n<ul>\n<li>Hungarian Classical Music\n<ul>\n<li>J.S. Bach: \u2013 Johannes Passion (R\u00e9ti J\u00f3zsef, Liszt Chamber Orchestra and Chorus, Lehel Gy\u00f6rgy)<\/li>\n<li>W.A. Mozart: Die Zauberfl\u00f6te \u2013 Dies Bildnis ist (R\u00e9ti J\u00f3zsef, Operazenekar, Erd\u00e9lyi Mikl\u00f3s)<\/li>\n<li>Gaetano Donizetti: La fille du regiment \u2013 Ah mes ami (R\u00e9ti J\u00f3zsef, MRT zenekar, Luk\u00e1cs Ervin)<\/li>\n<li>Kerekes J\u00e1nos, Erd\u0151dy J\u00e1nos: Majlandi tornyok \u2013 N\u00e1polyi dal (R\u00e9ti J\u00f3zsef)<\/li>\n<\/ul>\n<\/li>\n<li>In the footsteps of Hungarian literature 25 (1) (Mariann Talla)<\/li>\n<li>R\u00e9gi magyar t\u00e1nc a XVII. sz\u00e1zadb\u00f3l &#8211; Hungarian music from the 17th century (Zolt\u00e1n Arany)<\/li>\n<li>In the footsteps of Hungarian literature 25 (2) (Mariann Talla)<\/li>\n<li>Debreceni Szappanos J\u00e1nos: Militaris congratulatio (Zolt\u00e1n Arany)<\/li>\n<li>In the footsteps of Hungarian literature 25 (3) (Mariann Talla)<\/li>\n<li>Szerelem, szerelem (M\u00e1rta Sebesty\u00e9n)<\/li>\n<li>Szeri B\u00e9la kanadai utaz\u00e1sai &#8211; Vancouver (B\u00e9la Szeri)<\/li>\n<li>Istvan Lerch: Az l\u00e9gy, aki vagy (Charlie )<\/li>\n<li>Leahy: Moment (Leahy)<\/li>\n<li>Leahy: A Love Never Known (Leahy)<\/li>\n<\/ul>\n<p>Submitted commercial-free program: <div class=\"sc_fancy_player_container\"><!--[if lt IE 9]><script>document.createElement('audio');<\/script><![endif]-->\n<audio class=\"wp-audio-shortcode\" id=\"audio-4108-1\" preload=\"none\" style=\"width: 100%;\" controls=\"controls\"><source type=\"audio\/mpeg\" src=\"\/hang\/radio\/2021\/20210117-CHIN-HUN.mp3?_=1\" \/><a href=\"\/hang\/radio\/2021\/20210117-CHIN-HUN.mp3\">\/hang\/radio\/2021\/20210117-CHIN-HUN.mp3<\/a><\/audio><\/div><\/p>\n","protected":false},"excerpt":{"rendered":"<p>Content Hungarian Classical Music J.S. Bach: \u2013 Johannes Passion (R\u00e9ti J\u00f3zsef, Liszt Chamber Orchestra and Chorus, Lehel Gy\u00f6rgy) W.A. Mozart: Die Zauberfl\u00f6te \u2013 Dies Bildnis ist (R\u00e9ti J\u00f3zsef, Operazenekar, Erd\u00e9lyi Mikl\u00f3s) Gaetano Donizetti: La fille du regiment \u2013 Ah mes ami (R\u00e9ti J\u00f3zsef, MRT zenekar, Luk\u00e1cs Ervin) Kerekes J\u00e1nos, Erd\u0151dy J\u00e1nos: Majlandi tornyok \u2013 N\u00e1polyi [&hellip;]<\/p>\n","protected":false},"author":3,"featured_media":0,"comment_status":"closed","ping_status":"closed","sticky":false,"template":"","format":"standard","meta":[],"categories":[27],"tags":[],"views":946,"_links":{"self":[{"href":"https:\/\/omh-ohcc.ca\/en\/wp-json\/wp\/v2\/posts\/4108"}],"collection":[{"href":"https:\/\/omh-ohcc.ca\/en\/wp-json\/wp\/v2\/posts"}],"about":[{"href":"https:\/\/omh-ohcc.ca\/en\/wp-json\/wp\/v2\/types\/post"}],"author":[{"embeddable":true,"href":"https:\/\/omh-ohcc.ca\/en\/wp-json\/wp\/v2\/users\/3"}],"replies":[{"embeddable":true,"href":"https:\/\/omh-ohcc.ca\/en\/wp-json\/wp\/v2\/comments?post=4108"}],"version-history":[{"count":0,"href":"https:\/\/omh-ohcc.ca\/en\/wp-json\/wp\/v2\/posts\/4108\/revisions"}],"wp:attachment":[{"href":"https:\/\/omh-ohcc.ca\/en\/wp-json\/wp\/v2\/media?parent=4108"}],"wp:term":[{"taxonomy":"category","embeddable":true,"href":"https:\/\/omh-ohcc.ca\/en\/wp-json\/wp\/v2\/categories?post=4108"},{"taxonomy":"post_tag","embeddable":true,"href":"https:\/\/omh-ohcc.ca\/en\/wp-json\/wp\/v2\/tags?post=4108"}],"curies":[{"name":"wp","href":"https:\/\/api.w.org\/{rel}","templated":true}]}}