{"id":4037,"date":"2020-12-06T20:00:44","date_gmt":"2020-12-07T01:00:44","guid":{"rendered":"https:\/\/omh-ohcc.ca\/en\/?p=4037"},"modified":"2021-01-23T18:12:45","modified_gmt":"2021-01-23T23:12:45","slug":"radio-program-on-december-6-2020","status":"publish","type":"post","link":"https:\/\/omh-ohcc.ca\/en\/radio-program-on-december-6-2020\/","title":{"rendered":"Radio Program on December 6, 2020"},"content":{"rendered":"<p><strong>Content<\/strong><\/p>\n<ul>\n<li>Hungarian Classical Music\n<ul>\n<li>Semifinal of Virtusos contest (G\u00e1bor Finta)<\/li>\n<li>Claude Debussy, Rozsonits Ildik\u00f3: Kertek es\u0151ben, saj\u00e1t kompoz\u00edci\u00f3 (Rozsonits Ildik\u00f3)<\/li>\n<\/ul>\n<\/li>\n<li style=\"list-style-type: none\">\n<ul>\n<li>Mozart anniversary (G\u00e1bor Finta)<\/li>\n<li>Mozart: Fuvolaverseny D d\u00far, 3<\/li>\n<\/ul>\n<\/li>\n<li style=\"list-style-type: none\">\n<ul>\n<li>Advent celebration (G\u00e1bor Finta)<\/li>\n<li>Kod\u00e1ly Zolt\u00e1n: Adventi \u00e9nek (P\u00e1rkai Istv\u00e1n, Ars Nova Sacra \u00c9nekegy\u00fcttes)<\/li>\n<\/ul>\n<\/li>\n<li style=\"list-style-type: none\">\n<ul>\n<li>Pannon Filharmonikusok (G\u00e1bor Finta)<\/li>\n<li>Gerog Philip Telemann: Concerto in D d\u00far 4 heged\u0171re ()<\/li>\n<\/ul>\n<\/li>\n<li>In the footsteps of Hungarian literature 20 (1) (Mariann Talla)<\/li>\n<li>Tourdion (Zolt\u00e1n Arany)<\/li>\n<li>In the footsteps of Hungarian literature 20 (2) (Mariann Talla)<\/li>\n<li>Alfonso X: A Madre de Jesu Cristo (Cantigas de Santa Maria) (Simone Sorini)<\/li>\n<li>B\u00e9la Szeri: Szeri B\u00e9la elbesz\u00e9l\u00e9sei Kanad\u00e1r\u00f3l (B\u00e9la Szeri)<\/li>\n<li>Zsolt S\u00fcle, P\u00e9ter Bodn\u00e1r: Z\u00f6ld a m\u00e1jus (Zsolt S\u00fcle)<\/li>\n<li>Ferenc Ken\u00e9z: Ken\u00e9z Ferenc k\u00f6lt\u0151t bemutatja K\u00f6nt\u00e9s B\u00e9la (B\u00e9la K\u00f6nt\u00e9s, Magdolna T\u00f3th)<\/li>\n<li>Gordon Lightfoot: If You Could Read My Mind (Diana Krall, Sarah McLachlan)<\/li>\n<li>Oscar Lopez: Road to the Blue House (Oscar Lopez)<\/li>\n<\/ul>\n<p>Submitted commercial-free program: <div class=\"sc_fancy_player_container\"><!--[if lt IE 9]><script>document.createElement('audio');<\/script><![endif]-->\n<audio class=\"wp-audio-shortcode\" id=\"audio-4037-1\" preload=\"none\" style=\"width: 100%;\" controls=\"controls\"><source type=\"audio\/mpeg\" src=\"\/hang\/radio\/2020\/20201206-CHIN-HUN.mp3?_=1\" \/><a href=\"\/hang\/radio\/2020\/20201206-CHIN-HUN.mp3\">\/hang\/radio\/2020\/20201206-CHIN-HUN.mp3<\/a><\/audio><\/div><\/p>\n","protected":false},"excerpt":{"rendered":"<p>Content Hungarian Classical Music Semifinal of Virtusos contest (G\u00e1bor Finta) Claude Debussy, Rozsonits Ildik\u00f3: Kertek es\u0151ben, saj\u00e1t kompoz\u00edci\u00f3 (Rozsonits Ildik\u00f3) Mozart anniversary (G\u00e1bor Finta) Mozart: Fuvolaverseny D d\u00far, 3 Advent celebration (G\u00e1bor Finta) Kod\u00e1ly Zolt\u00e1n: Adventi \u00e9nek (P\u00e1rkai Istv\u00e1n, Ars Nova Sacra \u00c9nekegy\u00fcttes) Pannon Filharmonikusok (G\u00e1bor Finta) Gerog Philip Telemann: Concerto in D d\u00far 4 [&hellip;]<\/p>\n","protected":false},"author":3,"featured_media":0,"comment_status":"closed","ping_status":"closed","sticky":false,"template":"","format":"standard","meta":[],"categories":[27],"tags":[],"views":896,"_links":{"self":[{"href":"https:\/\/omh-ohcc.ca\/en\/wp-json\/wp\/v2\/posts\/4037"}],"collection":[{"href":"https:\/\/omh-ohcc.ca\/en\/wp-json\/wp\/v2\/posts"}],"about":[{"href":"https:\/\/omh-ohcc.ca\/en\/wp-json\/wp\/v2\/types\/post"}],"author":[{"embeddable":true,"href":"https:\/\/omh-ohcc.ca\/en\/wp-json\/wp\/v2\/users\/3"}],"replies":[{"embeddable":true,"href":"https:\/\/omh-ohcc.ca\/en\/wp-json\/wp\/v2\/comments?post=4037"}],"version-history":[{"count":0,"href":"https:\/\/omh-ohcc.ca\/en\/wp-json\/wp\/v2\/posts\/4037\/revisions"}],"wp:attachment":[{"href":"https:\/\/omh-ohcc.ca\/en\/wp-json\/wp\/v2\/media?parent=4037"}],"wp:term":[{"taxonomy":"category","embeddable":true,"href":"https:\/\/omh-ohcc.ca\/en\/wp-json\/wp\/v2\/categories?post=4037"},{"taxonomy":"post_tag","embeddable":true,"href":"https:\/\/omh-ohcc.ca\/en\/wp-json\/wp\/v2\/tags?post=4037"}],"curies":[{"name":"wp","href":"https:\/\/api.w.org\/{rel}","templated":true}]}}