{"id":3357,"date":"2020-02-23T20:07:50","date_gmt":"2020-02-24T01:07:50","guid":{"rendered":"http:\/\/omh-ohcc.ca\/en\/?p=3357"},"modified":"2020-02-23T20:08:09","modified_gmt":"2020-02-24T01:08:09","slug":"radio-program-on-february-23-2020","status":"publish","type":"post","link":"https:\/\/omh-ohcc.ca\/en\/radio-program-on-february-23-2020\/","title":{"rendered":"Radio Program on February 23, 2020"},"content":{"rendered":"<p><strong>Content<\/strong><\/p>\n<ul>\n<li>Hungarian Classical Music<\/li>\n<ul>\n<li>The emergence of &#8220;B\u00e1nk b\u00e1n&#8221; (G\u00e1bor Finta)<\/li>\n<li>Erkel, Ferenc: B\u00e1nk b\u00e1n \u2013 Petur bordala (Farag\u00f3, Andr\u00e1s)<\/li>\n<\/ul>\n<ul>\n<li>B\u00e1nk, Melinda duet (G\u00e1bor Finta)<\/li>\n<li>B\u00e1nk b\u00e1n \u2013 B\u00e1nk, Melinda Duet (Sim\u00e1ndy, \u00c1gay)<\/li>\n<\/ul>\n<ul>\n<li>Melinda&#8217;s suicide (G\u00e1bor Finta)<\/li>\n<li>B\u00e1nk b\u00e1n \u2013 Tiszaparti jelenet (\u00c1gay, Melis)<\/li>\n<\/ul>\n<li>OHCC and Community News<\/li>\n<li>Hej, hal\u00e1szok (S\u00e1ndor Tekeres)<\/li>\n<li>Halak &#8211; 1. r\u00e9sz (Magdolna T\u00f3th)<\/li>\n<li>Dunaparton van egy malom (Kamilla D\u00e9vai Nagy, Bal\u00e1zs Radv\u00e1nyi)<\/li>\n<li>Halak &#8211; 2. r\u00e9sz (Magdolna T\u00f3th)<\/li>\n<li>Bal\u00e1zs Szab\u00f3: Halak laknak (Szab\u00f3 Bal\u00e1zs Band\u00e1ja)<\/li>\n<li>Mih\u00e1ly Munk\u00e1csy (Magdolna T\u00f3th)<\/li>\n<li>Endre Ady: P\u00e1rizsban j\u00e1rt az \u0151sz (K\u00e1v\u00e9sz\u00fcnet)<\/li>\n<li>Interview with B\u00e9la Sim\u00f3 sculptor (B\u00e9la Sim\u00f3, Magdolna T\u00f3th)<\/li>\n<li>Szab\u00f3 Bal\u00e1zs: Sorsk\u00f6nyv (Szab\u00f3 Bal\u00e1zs Band\u00e1ja)<\/li>\n<li>Oscar Lopez: Chile (Oscar Lopez)<\/li>\n<li>Leahy: Moment (Leahy)<\/li>\n<\/ul>\n<p>Submitted commercial-free program: <div class=\"sc_fancy_player_container\"><!--[if lt IE 9]><script>document.createElement('audio');<\/script><![endif]-->\n<audio class=\"wp-audio-shortcode\" id=\"audio-3357-1\" preload=\"none\" style=\"width: 100%;\" controls=\"controls\"><source type=\"audio\/mpeg\" src=\"\/hang\/radio\/2020\/OMHradio-20200223.mp3?_=1\" \/><a href=\"\/hang\/radio\/2020\/OMHradio-20200223.mp3\">\/hang\/radio\/2020\/OMHradio-20200223.mp3<\/a><\/audio><\/div><\/p>\n","protected":false},"excerpt":{"rendered":"<p>Content Hungarian Classical Music The emergence of &#8220;B\u00e1nk b\u00e1n&#8221; (G\u00e1bor Finta) Erkel, Ferenc: B\u00e1nk b\u00e1n \u2013 Petur bordala (Farag\u00f3, Andr\u00e1s) B\u00e1nk, Melinda duet (G\u00e1bor Finta) B\u00e1nk b\u00e1n \u2013 B\u00e1nk, Melinda Duet (Sim\u00e1ndy, \u00c1gay) Melinda&#8217;s suicide (G\u00e1bor Finta) B\u00e1nk b\u00e1n \u2013 Tiszaparti jelenet (\u00c1gay, Melis) OHCC and Community News Hej, hal\u00e1szok (S\u00e1ndor Tekeres) Halak &#8211; 1. [&hellip;]<\/p>\n","protected":false},"author":3,"featured_media":0,"comment_status":"closed","ping_status":"closed","sticky":false,"template":"","format":"standard","meta":[],"categories":[27],"tags":[],"views":1241,"_links":{"self":[{"href":"https:\/\/omh-ohcc.ca\/en\/wp-json\/wp\/v2\/posts\/3357"}],"collection":[{"href":"https:\/\/omh-ohcc.ca\/en\/wp-json\/wp\/v2\/posts"}],"about":[{"href":"https:\/\/omh-ohcc.ca\/en\/wp-json\/wp\/v2\/types\/post"}],"author":[{"embeddable":true,"href":"https:\/\/omh-ohcc.ca\/en\/wp-json\/wp\/v2\/users\/3"}],"replies":[{"embeddable":true,"href":"https:\/\/omh-ohcc.ca\/en\/wp-json\/wp\/v2\/comments?post=3357"}],"version-history":[{"count":0,"href":"https:\/\/omh-ohcc.ca\/en\/wp-json\/wp\/v2\/posts\/3357\/revisions"}],"wp:attachment":[{"href":"https:\/\/omh-ohcc.ca\/en\/wp-json\/wp\/v2\/media?parent=3357"}],"wp:term":[{"taxonomy":"category","embeddable":true,"href":"https:\/\/omh-ohcc.ca\/en\/wp-json\/wp\/v2\/categories?post=3357"},{"taxonomy":"post_tag","embeddable":true,"href":"https:\/\/omh-ohcc.ca\/en\/wp-json\/wp\/v2\/tags?post=3357"}],"curies":[{"name":"wp","href":"https:\/\/api.w.org\/{rel}","templated":true}]}}