{"id":3259,"date":"2019-12-08T20:00:37","date_gmt":"2019-12-09T01:00:37","guid":{"rendered":"http:\/\/omh-ohcc.ca\/en\/?p=3259"},"modified":"2019-12-08T16:00:14","modified_gmt":"2019-12-08T21:00:14","slug":"radio-program-on-december-8-2019","status":"publish","type":"post","link":"https:\/\/omh-ohcc.ca\/en\/radio-program-on-december-8-2019\/","title":{"rendered":"Radio Program on December 8, 2019"},"content":{"rendered":"<p><strong>Content<\/strong><\/p>\n<ul>\n<li>Hungarian Classical Music<\/li>\n<ul>\n<li>Rhapsodes of Liszt (G\u00e1bor Finta)<\/li>\n<li>Liszt, Franz: Second Rhapsody (\u00c1HZ, Antal. M\u00e1ty\u00e1s)<\/li>\n<\/ul>\n<ul>\n<li>The story of &#8220;Hunyadi L\u00e1szl\u00f3&#8221; (G\u00e1bor Finta)<\/li>\n<li>Erkel, Ferenc: Hunyadi-La Grange \u00e1ria (Sass, Sylvia)<\/li>\n<\/ul>\n<li>Hortenzia Papp: Roamer \u2013 Mikul\u00e1s (Zsolt Bede-Fazekas)<\/li>\n<li>OHCC and Community News<\/li>\n<li>Demj\u00e9n Ferenc: Legyen \u00fcnnep (Tab\u00e1ni Istv\u00e1n)<\/li>\n<li>Mikul\u00e1s (T\u00f3th Magdolna)<\/li>\n<li>We\u00f6res S\u00e1ndor: Sz\u00e1ncseng\u0151 (Orb\u00e1n Ferenc)<\/li>\n<li>Michael Bubl\u00e9: Winter Wonderland (Michael Bubl\u00e9)<\/li>\n<li>Michael Bubl\u00e9: It&#8217;s Beginning To Look A Lot Like Christmas (Michael Bubl\u00e9)<\/li>\n<\/ul>\n<p>Submitted commercial-free program: <div class=\"sc_fancy_player_container\"><!--[if lt IE 9]><script>document.createElement('audio');<\/script><![endif]-->\n<audio class=\"wp-audio-shortcode\" id=\"audio-3259-1\" preload=\"none\" style=\"width: 100%;\" controls=\"controls\"><source type=\"audio\/mpeg\" src=\"\/hang\/radio\/2019\/OMHradio-20191208.mp3?_=1\" \/><a href=\"\/hang\/radio\/2019\/OMHradio-20191208.mp3\">\/hang\/radio\/2019\/OMHradio-20191208.mp3<\/a><\/audio><\/div><\/p>\n","protected":false},"excerpt":{"rendered":"<p>Content Hungarian Classical Music Rhapsodes of Liszt (G\u00e1bor Finta) Liszt, Franz: Second Rhapsody (\u00c1HZ, Antal. M\u00e1ty\u00e1s) The story of &#8220;Hunyadi L\u00e1szl\u00f3&#8221; (G\u00e1bor Finta) Erkel, Ferenc: Hunyadi-La Grange \u00e1ria (Sass, Sylvia) Hortenzia Papp: Roamer \u2013 Mikul\u00e1s (Zsolt Bede-Fazekas) OHCC and Community News Demj\u00e9n Ferenc: Legyen \u00fcnnep (Tab\u00e1ni Istv\u00e1n) Mikul\u00e1s (T\u00f3th Magdolna) We\u00f6res S\u00e1ndor: Sz\u00e1ncseng\u0151 (Orb\u00e1n Ferenc) [&hellip;]<\/p>\n","protected":false},"author":3,"featured_media":0,"comment_status":"closed","ping_status":"closed","sticky":false,"template":"","format":"standard","meta":[],"categories":[27],"tags":[],"views":1395,"_links":{"self":[{"href":"https:\/\/omh-ohcc.ca\/en\/wp-json\/wp\/v2\/posts\/3259"}],"collection":[{"href":"https:\/\/omh-ohcc.ca\/en\/wp-json\/wp\/v2\/posts"}],"about":[{"href":"https:\/\/omh-ohcc.ca\/en\/wp-json\/wp\/v2\/types\/post"}],"author":[{"embeddable":true,"href":"https:\/\/omh-ohcc.ca\/en\/wp-json\/wp\/v2\/users\/3"}],"replies":[{"embeddable":true,"href":"https:\/\/omh-ohcc.ca\/en\/wp-json\/wp\/v2\/comments?post=3259"}],"version-history":[{"count":0,"href":"https:\/\/omh-ohcc.ca\/en\/wp-json\/wp\/v2\/posts\/3259\/revisions"}],"wp:attachment":[{"href":"https:\/\/omh-ohcc.ca\/en\/wp-json\/wp\/v2\/media?parent=3259"}],"wp:term":[{"taxonomy":"category","embeddable":true,"href":"https:\/\/omh-ohcc.ca\/en\/wp-json\/wp\/v2\/categories?post=3259"},{"taxonomy":"post_tag","embeddable":true,"href":"https:\/\/omh-ohcc.ca\/en\/wp-json\/wp\/v2\/tags?post=3259"}],"curies":[{"name":"wp","href":"https:\/\/api.w.org\/{rel}","templated":true}]}}