{"id":3246,"date":"2019-12-01T20:40:46","date_gmt":"2019-12-02T01:40:46","guid":{"rendered":"http:\/\/omh-ohcc.ca\/en\/?p=3246"},"modified":"2019-12-01T20:40:46","modified_gmt":"2019-12-02T01:40:46","slug":"radio-program-on-december-1-2019","status":"publish","type":"post","link":"https:\/\/omh-ohcc.ca\/en\/radio-program-on-december-1-2019\/","title":{"rendered":"Radio Program on December 1, 2019"},"content":{"rendered":"<p><strong>Content<\/strong><\/p>\n<ul>\n<li>Hungarian Classical Music<\/li>\n<ul>\n<li>Works of L\u00e1szl\u00f3 Dubrovay (G\u00e1bor Finta)<\/li>\n<li>Dubrovay, L\u00e1szl\u00f3: 3rd Piano Concerto \u2013 3rd Piano Concerto (F\u00fclei, Bal\u00e1zs)<\/li>\n<\/ul>\n<ul>\n<li>K\u00e1lm\u00e1n&#8217;s operettas (G\u00e1bor Finta)<\/li>\n<li>K\u00e1lm\u00e1n, Imre: Cirkuszhercegn\u0151 \u2013 K\u00e1lm\u00e1n Imre operettje (Udvardy, Tibor)<\/li>\n<\/ul>\n<li>Hortenzia Papp: Roamer \u2013 Barangol\u00f3 elbesz\u00e9l\u00e9se (Zsolt Bede-Fazekas)<\/li>\n<li>OHCC and Community News<\/li>\n<li>Zo\u0308ld erdo\u030bben de magos a juharfa (Szalonna e\u0301s Banda\u0301ja)<\/li>\n<li>Interview with J\u00f3zsef Horv\u00e1th (J\u00f3zsef Horv\u00e1th, Magdolna T\u00f3th)<\/li>\n<li>Ke\u0301t gyo\u0308nyo\u0308ru\u030b ne\u0301pdal Kalotaszegro\u030bl (Fono\u0301 zenekar)<\/li>\n<li>Attila Fias: Colors (Attila Fias Trio)<\/li>\n<\/ul>\n<p>Submitted commercial-free program: <div class=\"sc_fancy_player_container\"><!--[if lt IE 9]><script>document.createElement('audio');<\/script><![endif]-->\n<audio class=\"wp-audio-shortcode\" id=\"audio-3246-1\" preload=\"none\" style=\"width: 100%;\" controls=\"controls\"><source type=\"audio\/mpeg\" src=\"\/hang\/radio\/2019\/OMHradio-20191201.mp3?_=1\" \/><a href=\"\/hang\/radio\/2019\/OMHradio-20191201.mp3\">\/hang\/radio\/2019\/OMHradio-20191201.mp3<\/a><\/audio><\/div><\/p>\n","protected":false},"excerpt":{"rendered":"<p>Content Hungarian Classical Music Works of L\u00e1szl\u00f3 Dubrovay (G\u00e1bor Finta) Dubrovay, L\u00e1szl\u00f3: 3rd Piano Concerto \u2013 3rd Piano Concerto (F\u00fclei, Bal\u00e1zs) K\u00e1lm\u00e1n&#8217;s operettas (G\u00e1bor Finta) K\u00e1lm\u00e1n, Imre: Cirkuszhercegn\u0151 \u2013 K\u00e1lm\u00e1n Imre operettje (Udvardy, Tibor) Hortenzia Papp: Roamer \u2013 Barangol\u00f3 elbesz\u00e9l\u00e9se (Zsolt Bede-Fazekas) OHCC and Community News Zo\u0308ld erdo\u030bben de magos a juharfa (Szalonna e\u0301s Banda\u0301ja) [&hellip;]<\/p>\n","protected":false},"author":3,"featured_media":0,"comment_status":"closed","ping_status":"closed","sticky":false,"template":"","format":"standard","meta":[],"categories":[27],"tags":[],"views":1436,"_links":{"self":[{"href":"https:\/\/omh-ohcc.ca\/en\/wp-json\/wp\/v2\/posts\/3246"}],"collection":[{"href":"https:\/\/omh-ohcc.ca\/en\/wp-json\/wp\/v2\/posts"}],"about":[{"href":"https:\/\/omh-ohcc.ca\/en\/wp-json\/wp\/v2\/types\/post"}],"author":[{"embeddable":true,"href":"https:\/\/omh-ohcc.ca\/en\/wp-json\/wp\/v2\/users\/3"}],"replies":[{"embeddable":true,"href":"https:\/\/omh-ohcc.ca\/en\/wp-json\/wp\/v2\/comments?post=3246"}],"version-history":[{"count":0,"href":"https:\/\/omh-ohcc.ca\/en\/wp-json\/wp\/v2\/posts\/3246\/revisions"}],"wp:attachment":[{"href":"https:\/\/omh-ohcc.ca\/en\/wp-json\/wp\/v2\/media?parent=3246"}],"wp:term":[{"taxonomy":"category","embeddable":true,"href":"https:\/\/omh-ohcc.ca\/en\/wp-json\/wp\/v2\/categories?post=3246"},{"taxonomy":"post_tag","embeddable":true,"href":"https:\/\/omh-ohcc.ca\/en\/wp-json\/wp\/v2\/tags?post=3246"}],"curies":[{"name":"wp","href":"https:\/\/api.w.org\/{rel}","templated":true}]}}