{"id":3184,"date":"2019-11-03T20:09:34","date_gmt":"2019-11-04T01:09:34","guid":{"rendered":"http:\/\/omh-ohcc.ca\/en\/?p=3184"},"modified":"2019-11-03T20:09:34","modified_gmt":"2019-11-04T01:09:34","slug":"radio-program-on-november-3-2019","status":"publish","type":"post","link":"https:\/\/omh-ohcc.ca\/en\/radio-program-on-november-3-2019\/","title":{"rendered":"Radio Program on November 3, 2019"},"content":{"rendered":"<p><strong>Content<\/strong><\/p>\n<ul>\n<li>Hungarian Classical Music<\/li>\n<ul>\n<li>Remembering November 4, 1956 (G\u00e1bor Finta)<\/li>\n<li>Liszt, Franz: Introit \u2013 Requiem (Cheur de l&#8217;Arm\u00e9e. Francois-Henri Houbart)<\/li>\n<\/ul>\n<ul>\n<li>Felici\u00e1n Kalmus &#8211; concert in Ottawa (G\u00e1bor Finta)<\/li>\n<li>Kalmus, Felici\u00e1n: Tisz\u00e1n innen &#8211; Folk Song Arrangement &#8211; The Song of the Deep Sea (Kalmus, Felici\u00e1n)<\/li>\n<\/ul>\n<li>OHCC and Community News<\/li>\n<li>Ez a vonat, ha elindult&#8230; (Cs\u00edk Zenekar)<\/li>\n<li>Commemoration 1956 &#8211; Excerpt from Lajos Papp&#8217;s Speech &#8211; October 23, 2019 (Papp Lajos)<\/li>\n<li>S\u00e1ndor Saj\u00f3, K\u00e1rp\u00e1tia: Magyar \u00e9nek&#8230; (K\u00e1rp\u00e1tia)<\/li>\n<li>Excerpt from Ern\u0151 Szelepcs\u00e9nyi&#8217;s speech at OMH on October 20, 2019 (Ern\u0151 Szelepcs\u00e9nyi)<\/li>\n<li>\u00c1kos Kov\u00e1cs: 1956 (2006) (\u00c1kos)<\/li>\n<li>Leonard Cohen: Hallelujah (Live In London) (Leonard Cohen)<\/li>\n<\/ul>\n<p>Submitted commercial-free program: <div class=\"sc_fancy_player_container\"><!--[if lt IE 9]><script>document.createElement('audio');<\/script><![endif]-->\n<audio class=\"wp-audio-shortcode\" id=\"audio-3184-1\" preload=\"none\" style=\"width: 100%;\" controls=\"controls\"><source type=\"audio\/mpeg\" src=\"\/hang\/radio\/2019\/OMHradio-20191103.mp3?_=1\" \/><a href=\"\/hang\/radio\/2019\/OMHradio-20191103.mp3\">\/hang\/radio\/2019\/OMHradio-20191103.mp3<\/a><\/audio><\/div><\/p>\n","protected":false},"excerpt":{"rendered":"<p>Content Hungarian Classical Music Remembering November 4, 1956 (G\u00e1bor Finta) Liszt, Franz: Introit \u2013 Requiem (Cheur de l&#8217;Arm\u00e9e. Francois-Henri Houbart) Felici\u00e1n Kalmus &#8211; concert in Ottawa (G\u00e1bor Finta) Kalmus, Felici\u00e1n: Tisz\u00e1n innen &#8211; Folk Song Arrangement &#8211; The Song of the Deep Sea (Kalmus, Felici\u00e1n) OHCC and Community News Ez a vonat, ha elindult&#8230; (Cs\u00edk [&hellip;]<\/p>\n","protected":false},"author":3,"featured_media":0,"comment_status":"closed","ping_status":"closed","sticky":false,"template":"","format":"standard","meta":[],"categories":[27],"tags":[],"views":1253,"_links":{"self":[{"href":"https:\/\/omh-ohcc.ca\/en\/wp-json\/wp\/v2\/posts\/3184"}],"collection":[{"href":"https:\/\/omh-ohcc.ca\/en\/wp-json\/wp\/v2\/posts"}],"about":[{"href":"https:\/\/omh-ohcc.ca\/en\/wp-json\/wp\/v2\/types\/post"}],"author":[{"embeddable":true,"href":"https:\/\/omh-ohcc.ca\/en\/wp-json\/wp\/v2\/users\/3"}],"replies":[{"embeddable":true,"href":"https:\/\/omh-ohcc.ca\/en\/wp-json\/wp\/v2\/comments?post=3184"}],"version-history":[{"count":0,"href":"https:\/\/omh-ohcc.ca\/en\/wp-json\/wp\/v2\/posts\/3184\/revisions"}],"wp:attachment":[{"href":"https:\/\/omh-ohcc.ca\/en\/wp-json\/wp\/v2\/media?parent=3184"}],"wp:term":[{"taxonomy":"category","embeddable":true,"href":"https:\/\/omh-ohcc.ca\/en\/wp-json\/wp\/v2\/categories?post=3184"},{"taxonomy":"post_tag","embeddable":true,"href":"https:\/\/omh-ohcc.ca\/en\/wp-json\/wp\/v2\/tags?post=3184"}],"curies":[{"name":"wp","href":"https:\/\/api.w.org\/{rel}","templated":true}]}}