{"id":3065,"date":"2019-09-08T20:00:59","date_gmt":"2019-09-09T00:00:59","guid":{"rendered":"http:\/\/omh-ohcc.ca\/en\/?p=3065"},"modified":"2019-09-08T17:58:22","modified_gmt":"2019-09-08T21:58:22","slug":"radio-program-on-september-8-2019","status":"publish","type":"post","link":"https:\/\/omh-ohcc.ca\/en\/radio-program-on-september-8-2019\/","title":{"rendered":"Radio Program on September 8, 2019"},"content":{"rendered":"<p><strong>Content<\/strong><\/p>\n<ul>\n<li>Hungarian Classical Music<\/li>\n<ul>\n<li>Operetts of Leh\u00e1r, Tibor Udvardy (G\u00e1bor Finta)<\/li>\n<li>Franz Leh\u00e1r: V\u00edg \u00f6zvegy etc \u2013 Operettr\u00e9szletek (Udvardy, Tibor)<\/li>\n<\/ul>\n<li>Hortenzia Papp: Roamer \u2013 Barangol\u00f3 elbesz\u00e9l\u00e9se (Zsolt Bede-Fazekas)<\/li>\n<li>Ser\u00e9ny magyaros &#8211; Az \u00f6rd\u00f6g \u00fatja (Hodorog, Legedi, Bolya, Benke)<\/li>\n<li>OHCC and Community News<\/li>\n<li>Inteview with P\u00e1ll Antaln\u00e9 (P\u00e1l Antaln\u00e9, Bede Fazekas Zsolt)<\/li>\n<li>R\u00f3bert Hrutka: Viszlek Haza (K\u00e1tya Tompos)<\/li>\n<li>Henry Samuel: She&#8217;s So High (Tal Bachman)<\/li>\n<li>Good Together (James Barker Band)<\/li>\n<\/ul>\n<p>Submitted commercial-free program: <div class=\"sc_fancy_player_container\"><!--[if lt IE 9]><script>document.createElement('audio');<\/script><![endif]-->\n<audio class=\"wp-audio-shortcode\" id=\"audio-3065-1\" preload=\"none\" style=\"width: 100%;\" controls=\"controls\"><source type=\"audio\/mpeg\" src=\"\/hang\/radio\/2019\/OMHradio-20190908.mp3?_=1\" \/><a href=\"\/hang\/radio\/2019\/OMHradio-20190908.mp3\">\/hang\/radio\/2019\/OMHradio-20190908.mp3<\/a><\/audio><\/div><\/p>\n","protected":false},"excerpt":{"rendered":"<p>Content Hungarian Classical Music Operetts of Leh\u00e1r, Tibor Udvardy (G\u00e1bor Finta) Franz Leh\u00e1r: V\u00edg \u00f6zvegy etc \u2013 Operettr\u00e9szletek (Udvardy, Tibor) Hortenzia Papp: Roamer \u2013 Barangol\u00f3 elbesz\u00e9l\u00e9se (Zsolt Bede-Fazekas) Ser\u00e9ny magyaros &#8211; Az \u00f6rd\u00f6g \u00fatja (Hodorog, Legedi, Bolya, Benke) OHCC and Community News Inteview with P\u00e1ll Antaln\u00e9 (P\u00e1l Antaln\u00e9, Bede Fazekas Zsolt) R\u00f3bert Hrutka: Viszlek Haza [&hellip;]<\/p>\n","protected":false},"author":3,"featured_media":0,"comment_status":"closed","ping_status":"closed","sticky":false,"template":"","format":"standard","meta":[],"categories":[27],"tags":[],"views":1353,"_links":{"self":[{"href":"https:\/\/omh-ohcc.ca\/en\/wp-json\/wp\/v2\/posts\/3065"}],"collection":[{"href":"https:\/\/omh-ohcc.ca\/en\/wp-json\/wp\/v2\/posts"}],"about":[{"href":"https:\/\/omh-ohcc.ca\/en\/wp-json\/wp\/v2\/types\/post"}],"author":[{"embeddable":true,"href":"https:\/\/omh-ohcc.ca\/en\/wp-json\/wp\/v2\/users\/3"}],"replies":[{"embeddable":true,"href":"https:\/\/omh-ohcc.ca\/en\/wp-json\/wp\/v2\/comments?post=3065"}],"version-history":[{"count":0,"href":"https:\/\/omh-ohcc.ca\/en\/wp-json\/wp\/v2\/posts\/3065\/revisions"}],"wp:attachment":[{"href":"https:\/\/omh-ohcc.ca\/en\/wp-json\/wp\/v2\/media?parent=3065"}],"wp:term":[{"taxonomy":"category","embeddable":true,"href":"https:\/\/omh-ohcc.ca\/en\/wp-json\/wp\/v2\/categories?post=3065"},{"taxonomy":"post_tag","embeddable":true,"href":"https:\/\/omh-ohcc.ca\/en\/wp-json\/wp\/v2\/tags?post=3065"}],"curies":[{"name":"wp","href":"https:\/\/api.w.org\/{rel}","templated":true}]}}