{"id":3062,"date":"2019-09-01T20:50:12","date_gmt":"2019-09-02T00:50:12","guid":{"rendered":"http:\/\/omh-ohcc.ca\/en\/?p=3062"},"modified":"2019-09-02T13:54:09","modified_gmt":"2019-09-02T17:54:09","slug":"radio-program-on-september-1-2019","status":"publish","type":"post","link":"https:\/\/omh-ohcc.ca\/en\/radio-program-on-september-1-2019\/","title":{"rendered":"Radio Program on September 1, 2019"},"content":{"rendered":"<p><strong>Content<\/strong><\/p>\n<ul>\n<li>Hungarian Classical Music<\/li>\n<ul>\n<li>Work of Ede Zathureczky (G\u00e1bor Finta)<\/li>\n<li>Bart\u00f3k, B\u00e9la: Lass\u00fa \u2013 1st Rhapsody &#8211; violin, piano (Zathureczky Ede, Hajd\u00fa Istv\u00e1n)<\/li>\n<\/ul>\n<ul>\n<li>Bart\u00f3k&#8217;s piano concertos (G\u00e1bor Finta)<\/li>\n<li>B\u00e9la, Bart\u00f3k: 1st movement \u2013 Piano Concerto No 3, (Zolt\u00e1n Kocsis, Budapest Festival Orchestra, Iv\u00e1n Fisher cond.)<\/li>\n<\/ul>\n<li>Hortenzia Papp: Roamer \u2013 Kis\u0151sz, Lev\u00e9l, Sz\u0151l\u0151sard\u00f3 (Zsolt Bede-Fazekas)<\/li>\n<li>Ferenc M\u00f3ra: A cinege cip\u0151je (K\u00e1v\u00e9sz\u00fcnet)<\/li>\n<li>Domokos Szil\u00e1gyi: Hegyek, f\u00e1k, f\u00fcvek (Erika P\u00e1pai)<\/li>\n<li>S\u00e1ndor Pet\u0151fi, Lilla Kecskem\u00e9thy: Itt van \u0151sz, itt va \u00fajra (Csalogat\u00f3 egy\u00fcttes)<\/li>\n<li>OHCC and Community News<\/li>\n<li>Tibor Simk\u00f3, Bal\u00e1zs Radv\u00e1nyi: Ukulele (Kal\u00e1ka)<\/li>\n<li>Interview with Vilmos Gryllus (Magdolna T\u00f3th, Vilmos Gryllus)<\/li>\n<li>Ferenc Andr\u00e1s Kov\u00e1cs, Kal\u00e1ka: Holderd\u0151 (Kal\u00e1ka)<\/li>\n<li>Mikor l\u00e1tom egeidet (Vilmos Gryllus, M\u00e1rta Sebesty\u00e9n)<\/li>\n<li>Natalie MacMaster: Queen of the West (Natalie MacMaster)<\/li>\n<\/ul>\n<p>Submitted commercial-free program: <div class=\"sc_fancy_player_container\"><!--[if lt IE 9]><script>document.createElement('audio');<\/script><![endif]-->\n<audio class=\"wp-audio-shortcode\" id=\"audio-3062-1\" preload=\"none\" style=\"width: 100%;\" controls=\"controls\"><source type=\"audio\/mpeg\" src=\"\/hang\/radio\/2019\/OMHradio-20190901.mp3?_=1\" \/><a href=\"\/hang\/radio\/2019\/OMHradio-20190901.mp3\">\/hang\/radio\/2019\/OMHradio-20190901.mp3<\/a><\/audio><\/div><\/p>\n","protected":false},"excerpt":{"rendered":"<p>Content Hungarian Classical Music Work of Ede Zathureczky (G\u00e1bor Finta) Bart\u00f3k, B\u00e9la: Lass\u00fa \u2013 1st Rhapsody &#8211; violin, piano (Zathureczky Ede, Hajd\u00fa Istv\u00e1n) Bart\u00f3k&#8217;s piano concertos (G\u00e1bor Finta) B\u00e9la, Bart\u00f3k: 1st movement \u2013 Piano Concerto No 3, (Zolt\u00e1n Kocsis, Budapest Festival Orchestra, Iv\u00e1n Fisher cond.) Hortenzia Papp: Roamer \u2013 Kis\u0151sz, Lev\u00e9l, Sz\u0151l\u0151sard\u00f3 (Zsolt Bede-Fazekas) Ferenc [&hellip;]<\/p>\n","protected":false},"author":3,"featured_media":0,"comment_status":"closed","ping_status":"closed","sticky":false,"template":"","format":"standard","meta":[],"categories":[27],"tags":[],"views":1364,"_links":{"self":[{"href":"https:\/\/omh-ohcc.ca\/en\/wp-json\/wp\/v2\/posts\/3062"}],"collection":[{"href":"https:\/\/omh-ohcc.ca\/en\/wp-json\/wp\/v2\/posts"}],"about":[{"href":"https:\/\/omh-ohcc.ca\/en\/wp-json\/wp\/v2\/types\/post"}],"author":[{"embeddable":true,"href":"https:\/\/omh-ohcc.ca\/en\/wp-json\/wp\/v2\/users\/3"}],"replies":[{"embeddable":true,"href":"https:\/\/omh-ohcc.ca\/en\/wp-json\/wp\/v2\/comments?post=3062"}],"version-history":[{"count":0,"href":"https:\/\/omh-ohcc.ca\/en\/wp-json\/wp\/v2\/posts\/3062\/revisions"}],"wp:attachment":[{"href":"https:\/\/omh-ohcc.ca\/en\/wp-json\/wp\/v2\/media?parent=3062"}],"wp:term":[{"taxonomy":"category","embeddable":true,"href":"https:\/\/omh-ohcc.ca\/en\/wp-json\/wp\/v2\/categories?post=3062"},{"taxonomy":"post_tag","embeddable":true,"href":"https:\/\/omh-ohcc.ca\/en\/wp-json\/wp\/v2\/tags?post=3062"}],"curies":[{"name":"wp","href":"https:\/\/api.w.org\/{rel}","templated":true}]}}