{"id":2975,"date":"2019-06-23T20:36:10","date_gmt":"2019-06-24T00:36:10","guid":{"rendered":"http:\/\/omh-ohcc.ca\/en\/?p=2975"},"modified":"2019-07-11T00:09:19","modified_gmt":"2019-07-11T04:09:19","slug":"radio-program-on-june-23-2019","status":"publish","type":"post","link":"https:\/\/omh-ohcc.ca\/en\/radio-program-on-june-23-2019\/","title":{"rendered":"Radio program on June 23, 2019"},"content":{"rendered":"<p><strong>Content<\/strong><\/p>\n<ul>\n<li>Hungarian Classical Music<\/li>\n<ul>\n<li>Erkel&#8217;s work (G\u00e1bor Finta)<\/li>\n<li>Erkel Ferenc: B\u00e1nk b\u00e1n r\u00e9szletek (Sim\u00e1ndy, \u00c1gay, Farag\u00f3, Ferencsik)<\/li>\n<\/ul>\n<li>Hortenzia Papp: Roamer \u2013 Barangol\u00f3 elbesz\u00e9l\u00e9se (Zsolt Bede-Fazekas)<\/li>\n<li>Felvid\u00e9ki dudan\u00f3t\u00e1k (Ghymes)<\/li>\n<li>OHCC and Community News<\/li>\n<li>Csemer Bogl\u00e1rka: Utazom (Boggie)<\/li>\n<li>Demj\u00e9n Ferenc, Lerch Istv\u00e1n: J\u00e9gsz\u00edv (Sma\u0301rton Trio\u0301-Harcsa Veronika )<\/li>\n<li>Interview with Merc\u00e9desz Moln\u00e1r and Petra Kurucz (T\u00f3th Magdolna, Moln\u00e1r Merc\u00e9desz, Kuricz Petra)<\/li>\n<li>Presser G\u00e1bor: Voltam Ibojka (Ol\u00e1h Ibolya)<\/li>\n<li>Lep\u00e9s G\u00e1bor, Kov\u00e1cs \u00c1kos: Nem kell m\u00e1s vigasz (\u00c1kos)<\/li>\n<li>Natalie MacMaster: Reel Beatrice (Natalie MacMaster)<\/li>\n<li>Natalie MacMaster: Catharsis (Natalie MacMaster)<\/li>\n<\/ul>\n<p>Submitted commercial-free program: <div class=\"sc_fancy_player_container\"><!--[if lt IE 9]><script>document.createElement('audio');<\/script><![endif]-->\n<audio class=\"wp-audio-shortcode\" id=\"audio-2975-1\" preload=\"none\" style=\"width: 100%;\" controls=\"controls\"><source type=\"audio\/mpeg\" src=\"\/hang\/radio\/2019\/OMHradio-20190623.mp3?_=1\" \/><a href=\"\/hang\/radio\/2019\/OMHradio-20190623.mp3\">\/hang\/radio\/2019\/OMHradio-20190623.mp3<\/a><\/audio><\/div><\/p>\n","protected":false},"excerpt":{"rendered":"<p>Content Hungarian Classical Music Erkel&#8217;s work (G\u00e1bor Finta) Erkel Ferenc: B\u00e1nk b\u00e1n r\u00e9szletek (Sim\u00e1ndy, \u00c1gay, Farag\u00f3, Ferencsik) Hortenzia Papp: Roamer \u2013 Barangol\u00f3 elbesz\u00e9l\u00e9se (Zsolt Bede-Fazekas) Felvid\u00e9ki dudan\u00f3t\u00e1k (Ghymes) OHCC and Community News Csemer Bogl\u00e1rka: Utazom (Boggie) Demj\u00e9n Ferenc, Lerch Istv\u00e1n: J\u00e9gsz\u00edv (Sma\u0301rton Trio\u0301-Harcsa Veronika ) Interview with Merc\u00e9desz Moln\u00e1r and Petra Kurucz (T\u00f3th Magdolna, Moln\u00e1r [&hellip;]<\/p>\n","protected":false},"author":3,"featured_media":0,"comment_status":"closed","ping_status":"closed","sticky":false,"template":"","format":"standard","meta":[],"categories":[27],"tags":[],"views":1281,"_links":{"self":[{"href":"https:\/\/omh-ohcc.ca\/en\/wp-json\/wp\/v2\/posts\/2975"}],"collection":[{"href":"https:\/\/omh-ohcc.ca\/en\/wp-json\/wp\/v2\/posts"}],"about":[{"href":"https:\/\/omh-ohcc.ca\/en\/wp-json\/wp\/v2\/types\/post"}],"author":[{"embeddable":true,"href":"https:\/\/omh-ohcc.ca\/en\/wp-json\/wp\/v2\/users\/3"}],"replies":[{"embeddable":true,"href":"https:\/\/omh-ohcc.ca\/en\/wp-json\/wp\/v2\/comments?post=2975"}],"version-history":[{"count":0,"href":"https:\/\/omh-ohcc.ca\/en\/wp-json\/wp\/v2\/posts\/2975\/revisions"}],"wp:attachment":[{"href":"https:\/\/omh-ohcc.ca\/en\/wp-json\/wp\/v2\/media?parent=2975"}],"wp:term":[{"taxonomy":"category","embeddable":true,"href":"https:\/\/omh-ohcc.ca\/en\/wp-json\/wp\/v2\/categories?post=2975"},{"taxonomy":"post_tag","embeddable":true,"href":"https:\/\/omh-ohcc.ca\/en\/wp-json\/wp\/v2\/tags?post=2975"}],"curies":[{"name":"wp","href":"https:\/\/api.w.org\/{rel}","templated":true}]}}