{"id":2972,"date":"2019-06-16T20:27:48","date_gmt":"2019-06-17T00:27:48","guid":{"rendered":"http:\/\/omh-ohcc.ca\/en\/?p=2972"},"modified":"2019-07-11T00:09:19","modified_gmt":"2019-07-11T04:09:19","slug":"radio-program-on-june-16-2019","status":"publish","type":"post","link":"https:\/\/omh-ohcc.ca\/en\/radio-program-on-june-16-2019\/","title":{"rendered":"Radio program on June 16, 2019"},"content":{"rendered":"<p><strong>Content<\/strong><\/p>\n<ul>\n<li>Hungarian Classical Music<\/li>\n<ul>\n<li>Liszt Piano Concerts (G\u00e1bor Finta)<\/li>\n<li>Ferenc Liszt: Liszt 1st Piano Concerto E flat Major (Krystian Zimerman, Seiji Ozawa)<\/li>\n<\/ul>\n<li>Hortenzia Papp: Roamer \u2013 Barangol\u00f3 elbesz\u00e9l\u00e9se (Zsolt Bede-Fazekas)<\/li>\n<li>Ethnofil: Kalitka (Live @ Marosv\u00e1s\u00e1rhelyi R\u00e1di\u00f3) (Ethnofil)<\/li>\n<li>OHCC and Community News<\/li>\n<li>Hej Jancsika, Jancsika (Kisbojt\u00e1r \u00c9nekegy\u00fcttes, Guly\u00e1s Ferenc)<\/li>\n<li>Interview with Ferenc Guly\u00e1s (Guly\u00e1s Ferenc, T\u00f3th Magdolna)<\/li>\n<li>Boros Csaba, Guly\u00e1s Ferenc: Ha igaz lenne (Republic)<\/li>\n<li>Leahy: Borrowed Time (Leahy)<\/li>\n<\/ul>\n<p>Submitted commercial-free program: <div class=\"sc_fancy_player_container\"><!--[if lt IE 9]><script>document.createElement('audio');<\/script><![endif]-->\n<audio class=\"wp-audio-shortcode\" id=\"audio-2972-1\" preload=\"none\" style=\"width: 100%;\" controls=\"controls\"><source type=\"audio\/mpeg\" src=\"\/hang\/radio\/2019\/OMHradio-20190616.mp3?_=1\" \/><a href=\"\/hang\/radio\/2019\/OMHradio-20190616.mp3\">\/hang\/radio\/2019\/OMHradio-20190616.mp3<\/a><\/audio><\/div><\/p>\n","protected":false},"excerpt":{"rendered":"<p>Content Hungarian Classical Music Liszt Piano Concerts (G\u00e1bor Finta) Ferenc Liszt: Liszt 1st Piano Concerto E flat Major (Krystian Zimerman, Seiji Ozawa) Hortenzia Papp: Roamer \u2013 Barangol\u00f3 elbesz\u00e9l\u00e9se (Zsolt Bede-Fazekas) Ethnofil: Kalitka (Live @ Marosv\u00e1s\u00e1rhelyi R\u00e1di\u00f3) (Ethnofil) OHCC and Community News Hej Jancsika, Jancsika (Kisbojt\u00e1r \u00c9nekegy\u00fcttes, Guly\u00e1s Ferenc) Interview with Ferenc Guly\u00e1s (Guly\u00e1s Ferenc, T\u00f3th [&hellip;]<\/p>\n","protected":false},"author":3,"featured_media":0,"comment_status":"closed","ping_status":"closed","sticky":false,"template":"","format":"standard","meta":[],"categories":[27],"tags":[],"views":1242,"_links":{"self":[{"href":"https:\/\/omh-ohcc.ca\/en\/wp-json\/wp\/v2\/posts\/2972"}],"collection":[{"href":"https:\/\/omh-ohcc.ca\/en\/wp-json\/wp\/v2\/posts"}],"about":[{"href":"https:\/\/omh-ohcc.ca\/en\/wp-json\/wp\/v2\/types\/post"}],"author":[{"embeddable":true,"href":"https:\/\/omh-ohcc.ca\/en\/wp-json\/wp\/v2\/users\/3"}],"replies":[{"embeddable":true,"href":"https:\/\/omh-ohcc.ca\/en\/wp-json\/wp\/v2\/comments?post=2972"}],"version-history":[{"count":0,"href":"https:\/\/omh-ohcc.ca\/en\/wp-json\/wp\/v2\/posts\/2972\/revisions"}],"wp:attachment":[{"href":"https:\/\/omh-ohcc.ca\/en\/wp-json\/wp\/v2\/media?parent=2972"}],"wp:term":[{"taxonomy":"category","embeddable":true,"href":"https:\/\/omh-ohcc.ca\/en\/wp-json\/wp\/v2\/categories?post=2972"},{"taxonomy":"post_tag","embeddable":true,"href":"https:\/\/omh-ohcc.ca\/en\/wp-json\/wp\/v2\/tags?post=2972"}],"curies":[{"name":"wp","href":"https:\/\/api.w.org\/{rel}","templated":true}]}}