{"id":2717,"date":"2019-02-03T20:00:21","date_gmt":"2019-02-04T01:00:21","guid":{"rendered":"http:\/\/omh-ohcc.ca\/en\/?p=2717"},"modified":"2019-02-03T15:11:17","modified_gmt":"2019-02-03T20:11:17","slug":"radio-program-on-february-3-2019","status":"publish","type":"post","link":"https:\/\/omh-ohcc.ca\/en\/radio-program-on-february-3-2019\/","title":{"rendered":"Radio program on February 3, 2019"},"content":{"rendered":"<p><strong>Content<\/strong><\/p>\n<ul>\n<li>Hungarian Classical Music<\/li>\n<ul>\n<li>Works of Huszka (G\u00e1bor Finta)<\/li>\n<li>Jen\u0151 Huszka: Londonban van \u2013 Bob herceg (R\u00f3bert Ilosfalvy)<\/li>\n<\/ul>\n<ul>\n<li>Operetts of Huszka (G\u00e1bor Finta)<\/li>\n<li>Jen\u0151 Huszka: A holl\u00f3 legend\u00e1ja \u2013 Bob herceg (S\u00e1ndor Sv\u00e9d)<\/li>\n<\/ul>\n<ul>\n<li>The story of G\u00fcl baba (G\u00e1bor Finta)<\/li>\n<li>Jen\u0151 Huszka: G\u00e1bor dala \u2013 G\u00fcl baba (Mikl\u00f3s Szab\u00f3)<\/li>\n<\/ul>\n<li>Hortenzia Papp: Roamer \u2013 Kemence, Dr\u00e9gelypal\u00e1nk (Zsolt Bede-Fazekas)<\/li>\n<li>B\u00e1lint Balassi:  Egy katona\u00e9nek (Vagantes)<\/li>\n<li>OHCC and Community News<\/li>\n<li>L\u00e1szl\u00f3 D\u00e9s, Istv\u00e1n Nemes: Legyen \u00fagy (Rich\u00e1rd Nagy)<\/li>\n<li>We remember Ady 1. (Magdolna T\u00f3th)<\/li>\n<li>Endre Ady: Az \u00e9let (S\u00e1ndor Szak\u00e1csi)<\/li>\n<li>We remember Ady 2. (Magdolna T\u00f3th)<\/li>\n<li>Endre Ady, N\u00e1ndor Polg\u00e1ri: T\u0171nnek a ly\u00e1nyok (N\u00e1ndor Polg\u00e1ri)<\/li>\n<li>We remember Ady 3. (Magdolna T\u00f3th)<\/li>\n<li>Endre Ady: \u00d6rizem a szemed (Zolt\u00e1n Latinovits)<\/li>\n<li>Endre Ady, Gy\u00f6rgy Popovics, Ferenc N\u00e9meth: L\u00e9d\u00e1val a b\u00e1lban (K\u00e1v\u00e9sz\u00fcnet zenekar)<\/li>\n<li>Attila Fias: Voyage to Victoria (Attila Fias Trio)<\/li>\n<\/ul>\n<p>Submitted commercial-free program: <div class=\"sc_fancy_player_container\"><!--[if lt IE 9]><script>document.createElement('audio');<\/script><![endif]-->\n<audio class=\"wp-audio-shortcode\" id=\"audio-2717-1\" preload=\"none\" style=\"width: 100%;\" controls=\"controls\"><source type=\"audio\/mpeg\" src=\"\/hang\/radio\/2019\/OMHradio-20190203.mp3?_=1\" \/><a href=\"\/hang\/radio\/2019\/OMHradio-20190203.mp3\">\/hang\/radio\/2019\/OMHradio-20190203.mp3<\/a><\/audio><\/div><\/p>\n","protected":false},"excerpt":{"rendered":"<p>Content Hungarian Classical Music Works of Huszka (G\u00e1bor Finta) Jen\u0151 Huszka: Londonban van \u2013 Bob herceg (R\u00f3bert Ilosfalvy) Operetts of Huszka (G\u00e1bor Finta) Jen\u0151 Huszka: A holl\u00f3 legend\u00e1ja \u2013 Bob herceg (S\u00e1ndor Sv\u00e9d) The story of G\u00fcl baba (G\u00e1bor Finta) Jen\u0151 Huszka: G\u00e1bor dala \u2013 G\u00fcl baba (Mikl\u00f3s Szab\u00f3) Hortenzia Papp: Roamer \u2013 Kemence, Dr\u00e9gelypal\u00e1nk [&hellip;]<\/p>\n","protected":false},"author":3,"featured_media":0,"comment_status":"closed","ping_status":"closed","sticky":false,"template":"","format":"standard","meta":[],"categories":[27],"tags":[],"views":1457,"_links":{"self":[{"href":"https:\/\/omh-ohcc.ca\/en\/wp-json\/wp\/v2\/posts\/2717"}],"collection":[{"href":"https:\/\/omh-ohcc.ca\/en\/wp-json\/wp\/v2\/posts"}],"about":[{"href":"https:\/\/omh-ohcc.ca\/en\/wp-json\/wp\/v2\/types\/post"}],"author":[{"embeddable":true,"href":"https:\/\/omh-ohcc.ca\/en\/wp-json\/wp\/v2\/users\/3"}],"replies":[{"embeddable":true,"href":"https:\/\/omh-ohcc.ca\/en\/wp-json\/wp\/v2\/comments?post=2717"}],"version-history":[{"count":0,"href":"https:\/\/omh-ohcc.ca\/en\/wp-json\/wp\/v2\/posts\/2717\/revisions"}],"wp:attachment":[{"href":"https:\/\/omh-ohcc.ca\/en\/wp-json\/wp\/v2\/media?parent=2717"}],"wp:term":[{"taxonomy":"category","embeddable":true,"href":"https:\/\/omh-ohcc.ca\/en\/wp-json\/wp\/v2\/categories?post=2717"},{"taxonomy":"post_tag","embeddable":true,"href":"https:\/\/omh-ohcc.ca\/en\/wp-json\/wp\/v2\/tags?post=2717"}],"curies":[{"name":"wp","href":"https:\/\/api.w.org\/{rel}","templated":true}]}}