{"id":2670,"date":"2018-12-06T20:14:28","date_gmt":"2018-12-07T01:14:28","guid":{"rendered":"http:\/\/omh-ohcc.ca\/en\/?p=2670"},"modified":"2019-01-06T19:19:51","modified_gmt":"2019-01-07T00:19:51","slug":"radio-program-on-december-23-2018","status":"publish","type":"post","link":"https:\/\/omh-ohcc.ca\/en\/radio-program-on-december-23-2018\/","title":{"rendered":"Radio program on December 23, 2018"},"content":{"rendered":"<p><strong>Content<\/strong><\/p>\n<ul>\n<li>Hungarian Classical Music<\/li>\n<ul>\n<li>Mennyb\u0151l az angyal (Finta G\u00e1bor)<\/li>\n<li>Dohn\u00e1nyi Ern\u0151: Pastoral (Finta G\u00e1bor)<\/li>\n<\/ul>\n<ul>\n<li>Kar\u00e1csonyi dalok (Finta G\u00e1bor)<\/li>\n<li>Nagy Oliv\u00e9r: Magyar Kar\u00e1csony \u2013 Childrens choruses for You (MR Gyermekk\u00f3rusa)<\/li>\n<\/ul>\n<li>Papp Hortenzia: Roamer \u2013 Fenyves, Kikekar\u00e1csonyfa, Feny\u0151f\u0151, Kar\u00e1csonyfalva (Bede-Fazekas Zsolt)<\/li>\n<li>Sz\u00e9pa feny\u0151 (Kormor\u00e1n)<\/li>\n<li>Az OMH \u00e9s k\u00f6z\u00f6ss\u00e9g\u00fcnk h\u00edrei<\/li>\n<li>Felvid\u00e9ki cs\u00e1rd\u00e1sok (Ritka Magyar Folkband)<\/li>\n<li>V\u00e1ga, a kar\u00e1csonyi ostya sz\u00fcl\u0151haz\u00e1ja (T\u00f3th Magdolna)<\/li>\n<li>Felvid\u00e9ki n\u00e9pdalok (Szvor\u00e1k Katalin)<\/li>\n<li>Sej, tiszta b\u00faza (Vank\u00f3n\u00e9 Dud\u00e1s Juli)<\/li>\n<li>Hideg sz\u00e9l f\u00faj \u00e9desany\u00e1m &#8211; Muzslyai lakodalmi dalok<\/li>\n<\/ul>\n<p>Submitted commercial-free program: <div class=\"sc_fancy_player_container\"><!--[if lt IE 9]><script>document.createElement('audio');<\/script><![endif]-->\n<audio class=\"wp-audio-shortcode\" id=\"audio-2670-1\" preload=\"none\" style=\"width: 100%;\" controls=\"controls\"><source type=\"audio\/mpeg\" src=\"\/hang\/radio\/2018\/OMHradio-20181223.mp3?_=1\" \/><a href=\"\/hang\/radio\/2018\/OMHradio-20181223.mp3\">\/hang\/radio\/2018\/OMHradio-20181223.mp3<\/a><\/audio><\/div><\/p>\n","protected":false},"excerpt":{"rendered":"<p>Content Hungarian Classical Music Mennyb\u0151l az angyal (Finta G\u00e1bor) Dohn\u00e1nyi Ern\u0151: Pastoral (Finta G\u00e1bor) Kar\u00e1csonyi dalok (Finta G\u00e1bor) Nagy Oliv\u00e9r: Magyar Kar\u00e1csony \u2013 Childrens choruses for You (MR Gyermekk\u00f3rusa) Papp Hortenzia: Roamer \u2013 Fenyves, Kikekar\u00e1csonyfa, Feny\u0151f\u0151, Kar\u00e1csonyfalva (Bede-Fazekas Zsolt) Sz\u00e9pa feny\u0151 (Kormor\u00e1n) Az OMH \u00e9s k\u00f6z\u00f6ss\u00e9g\u00fcnk h\u00edrei Felvid\u00e9ki cs\u00e1rd\u00e1sok (Ritka Magyar Folkband) V\u00e1ga, a kar\u00e1csonyi [&hellip;]<\/p>\n","protected":false},"author":3,"featured_media":0,"comment_status":"closed","ping_status":"closed","sticky":false,"template":"","format":"standard","meta":[],"categories":[27],"tags":[],"views":1478,"_links":{"self":[{"href":"https:\/\/omh-ohcc.ca\/en\/wp-json\/wp\/v2\/posts\/2670"}],"collection":[{"href":"https:\/\/omh-ohcc.ca\/en\/wp-json\/wp\/v2\/posts"}],"about":[{"href":"https:\/\/omh-ohcc.ca\/en\/wp-json\/wp\/v2\/types\/post"}],"author":[{"embeddable":true,"href":"https:\/\/omh-ohcc.ca\/en\/wp-json\/wp\/v2\/users\/3"}],"replies":[{"embeddable":true,"href":"https:\/\/omh-ohcc.ca\/en\/wp-json\/wp\/v2\/comments?post=2670"}],"version-history":[{"count":0,"href":"https:\/\/omh-ohcc.ca\/en\/wp-json\/wp\/v2\/posts\/2670\/revisions"}],"wp:attachment":[{"href":"https:\/\/omh-ohcc.ca\/en\/wp-json\/wp\/v2\/media?parent=2670"}],"wp:term":[{"taxonomy":"category","embeddable":true,"href":"https:\/\/omh-ohcc.ca\/en\/wp-json\/wp\/v2\/categories?post=2670"},{"taxonomy":"post_tag","embeddable":true,"href":"https:\/\/omh-ohcc.ca\/en\/wp-json\/wp\/v2\/tags?post=2670"}],"curies":[{"name":"wp","href":"https:\/\/api.w.org\/{rel}","templated":true}]}}