{"id":2636,"date":"2018-12-09T22:01:03","date_gmt":"2018-12-10T03:01:03","guid":{"rendered":"http:\/\/omh-ohcc.ca\/en\/?p=2636"},"modified":"2018-12-09T22:01:23","modified_gmt":"2018-12-10T03:01:23","slug":"radio-program-on-december-9-2018","status":"publish","type":"post","link":"https:\/\/omh-ohcc.ca\/en\/radio-program-on-december-9-2018\/","title":{"rendered":"Radio program on December 9, 2018"},"content":{"rendered":"<p><strong>Content<\/strong><\/p>\n<ul>\n<li>Hungarian Classical Music<\/li>\n<ul>\n<li>Music of the Advent (G\u00e1bor Finta)<\/li>\n<li>Zolt\u00e1n Kod\u00e1ly: Adventi \u00e9nek (Marothi Pedag\u00f3gusk\u00f3rus, Debrecen, K\u00e9ry)<\/li>\n<\/ul>\n<ul>\n<li>Poetic and Religious harmonies (G\u00e1bor Finta)<\/li>\n<li>Ferenc Liszt: A szerelem himnusza (Philip Thompson)<\/li>\n<\/ul>\n<ul>\n<li>Pierette&#8217;s Veil (G\u00e1bor Finta)<\/li>\n<li>Ern\u0151 Dohn\u00e1nyi: Walzer \u2013 Pierette f\u00e1tyola (Hungarian Army Wind Orchestra)<\/li>\n<\/ul>\n<li>Hortenzia Papp: Roamer \u2013 Orosh\u00e1za, Cegl\u00e9d (Zsolt Bede-Fazekas)<\/li>\n<li>Gergely Koltay: Isten ujja meg\u00e9rintett (Kormor\u00e1n)<\/li>\n<li>OHCC and Community News<\/li>\n<li>Zo\u0308ld erdo\u030bben de magos a juharfa (Szalonna e\u0301s Banda\u0301ja)<\/li>\n<li>Interview with J\u00f3zsef Horv\u00e1th (J\u00f3zsef Horv\u00e1th, Magdolna T\u00f3th)<\/li>\n<li>Ke\u0301t gyo\u0308nyo\u0308ru\u030b ne\u0301pdal Kalotaszegro\u030bl (Fono\u0301 zenekar)<\/li>\n<li>Attila Fias: Colors (Attila Fias Trio)<\/li>\n<\/ul>\n<p><!--Aired version: [sc_embed_player_template1 fileurl=\"\/hang\/radio\/2018\/CHIN-HUN-20181209.mp3\"]--><br \/>\nSubmitted commercial-free program: <div class=\"sc_fancy_player_container\"><!--[if lt IE 9]><script>document.createElement('audio');<\/script><![endif]-->\n<audio class=\"wp-audio-shortcode\" id=\"audio-2636-1\" preload=\"none\" style=\"width: 100%;\" controls=\"controls\"><source type=\"audio\/mpeg\" src=\"\/hang\/radio\/2018\/OMHradio-20181209.mp3?_=1\" \/><a href=\"\/hang\/radio\/2018\/OMHradio-20181209.mp3\">\/hang\/radio\/2018\/OMHradio-20181209.mp3<\/a><\/audio><\/div><\/p>\n","protected":false},"excerpt":{"rendered":"<p>Content Hungarian Classical Music Music of the Advent (G\u00e1bor Finta) Zolt\u00e1n Kod\u00e1ly: Adventi \u00e9nek (Marothi Pedag\u00f3gusk\u00f3rus, Debrecen, K\u00e9ry) Poetic and Religious harmonies (G\u00e1bor Finta) Ferenc Liszt: A szerelem himnusza (Philip Thompson) Pierette&#8217;s Veil (G\u00e1bor Finta) Ern\u0151 Dohn\u00e1nyi: Walzer \u2013 Pierette f\u00e1tyola (Hungarian Army Wind Orchestra) Hortenzia Papp: Roamer \u2013 Orosh\u00e1za, Cegl\u00e9d (Zsolt Bede-Fazekas) Gergely Koltay: [&hellip;]<\/p>\n","protected":false},"author":3,"featured_media":0,"comment_status":"closed","ping_status":"closed","sticky":false,"template":"","format":"standard","meta":[],"categories":[27],"tags":[],"views":1585,"_links":{"self":[{"href":"https:\/\/omh-ohcc.ca\/en\/wp-json\/wp\/v2\/posts\/2636"}],"collection":[{"href":"https:\/\/omh-ohcc.ca\/en\/wp-json\/wp\/v2\/posts"}],"about":[{"href":"https:\/\/omh-ohcc.ca\/en\/wp-json\/wp\/v2\/types\/post"}],"author":[{"embeddable":true,"href":"https:\/\/omh-ohcc.ca\/en\/wp-json\/wp\/v2\/users\/3"}],"replies":[{"embeddable":true,"href":"https:\/\/omh-ohcc.ca\/en\/wp-json\/wp\/v2\/comments?post=2636"}],"version-history":[{"count":0,"href":"https:\/\/omh-ohcc.ca\/en\/wp-json\/wp\/v2\/posts\/2636\/revisions"}],"wp:attachment":[{"href":"https:\/\/omh-ohcc.ca\/en\/wp-json\/wp\/v2\/media?parent=2636"}],"wp:term":[{"taxonomy":"category","embeddable":true,"href":"https:\/\/omh-ohcc.ca\/en\/wp-json\/wp\/v2\/categories?post=2636"},{"taxonomy":"post_tag","embeddable":true,"href":"https:\/\/omh-ohcc.ca\/en\/wp-json\/wp\/v2\/tags?post=2636"}],"curies":[{"name":"wp","href":"https:\/\/api.w.org\/{rel}","templated":true}]}}