{"id":2530,"date":"2018-10-14T19:28:44","date_gmt":"2018-10-14T23:28:44","guid":{"rendered":"http:\/\/omh-ohcc.ca\/en\/?p=2530"},"modified":"2018-10-15T19:31:04","modified_gmt":"2018-10-15T23:31:04","slug":"radio-program-on-october-14-2018","status":"publish","type":"post","link":"https:\/\/omh-ohcc.ca\/en\/radio-program-on-october-14-2018\/","title":{"rendered":"Radio program on October 14, 2018"},"content":{"rendered":"<p><strong>Content<\/strong><\/p>\n<ul>\n<li>Hungarian Classical Music<\/li>\n<ul>\n<li>6th of October (G\u00e1bor Finta)<\/li>\n<li>Liszt: Funerailles (Nemzeti Filharmonikus zenekar, Kocsis)<\/li>\n<\/ul>\n<ul>\n<li>Kod\u00e1ly dalj\u00e1t\u00e9kai (G\u00e1bor Finta)<\/li>\n<li>Kod\u00e1ly: H\u00e1ry J\u00e1nos (\u00c1HZ Antal)<\/li>\n<\/ul>\n<li>Hortenzia Papp: Roamer \u2013 Szilv\u00e1s, Kecsedszilv\u00e1s, Szilv\u00e1sszentm\u00e1rton (Zsolt Bede-Fazekas)<\/li>\n<li>OHCC and Community News<\/li>\n<li>Traditional: Haza\u0301m, haza\u0301m (A\u0301gnes Herczku)<\/li>\n<li>Interview with members of the a &#8220;Vadr\u00f3zs\u00e1k&#8221; folk dance group in OHCC (Magdolna T\u00f3th)<\/li>\n<li>Traditional: Csa\u0301rda\u0301s (sze\u0301ki muzsika) (Fono\u0301 zenekar)<\/li>\n<li>Attila Fias: Little Bossa (Attila Fias, Richard Brisco, Pat Kilbride)<\/li>\n<\/ul>\n<p><!--Aired version: [sc_embed_player_template1 fileurl=\"\/hang\/radio\/2018\/CHIN-HUN-20181014.mp3\"]--><br \/>\nSubmitted commercial-free program: <div class=\"sc_fancy_player_container\"><!--[if lt IE 9]><script>document.createElement('audio');<\/script><![endif]-->\n<audio class=\"wp-audio-shortcode\" id=\"audio-2530-1\" preload=\"none\" style=\"width: 100%;\" controls=\"controls\"><source type=\"audio\/mpeg\" src=\"\/hang\/radio\/2018\/OMHradio-20181014.mp3?_=1\" \/><a href=\"\/hang\/radio\/2018\/OMHradio-20181014.mp3\">\/hang\/radio\/2018\/OMHradio-20181014.mp3<\/a><\/audio><\/div><\/p>\n","protected":false},"excerpt":{"rendered":"<p>Content Hungarian Classical Music 6th of October (G\u00e1bor Finta) Liszt: Funerailles (Nemzeti Filharmonikus zenekar, Kocsis) Kod\u00e1ly dalj\u00e1t\u00e9kai (G\u00e1bor Finta) Kod\u00e1ly: H\u00e1ry J\u00e1nos (\u00c1HZ Antal) Hortenzia Papp: Roamer \u2013 Szilv\u00e1s, Kecsedszilv\u00e1s, Szilv\u00e1sszentm\u00e1rton (Zsolt Bede-Fazekas) OHCC and Community News Traditional: Haza\u0301m, haza\u0301m (A\u0301gnes Herczku) Interview with members of the a &#8220;Vadr\u00f3zs\u00e1k&#8221; folk dance group in OHCC (Magdolna [&hellip;]<\/p>\n","protected":false},"author":3,"featured_media":0,"comment_status":"closed","ping_status":"closed","sticky":false,"template":"","format":"standard","meta":[],"categories":[27],"tags":[],"views":1637,"_links":{"self":[{"href":"https:\/\/omh-ohcc.ca\/en\/wp-json\/wp\/v2\/posts\/2530"}],"collection":[{"href":"https:\/\/omh-ohcc.ca\/en\/wp-json\/wp\/v2\/posts"}],"about":[{"href":"https:\/\/omh-ohcc.ca\/en\/wp-json\/wp\/v2\/types\/post"}],"author":[{"embeddable":true,"href":"https:\/\/omh-ohcc.ca\/en\/wp-json\/wp\/v2\/users\/3"}],"replies":[{"embeddable":true,"href":"https:\/\/omh-ohcc.ca\/en\/wp-json\/wp\/v2\/comments?post=2530"}],"version-history":[{"count":0,"href":"https:\/\/omh-ohcc.ca\/en\/wp-json\/wp\/v2\/posts\/2530\/revisions"}],"wp:attachment":[{"href":"https:\/\/omh-ohcc.ca\/en\/wp-json\/wp\/v2\/media?parent=2530"}],"wp:term":[{"taxonomy":"category","embeddable":true,"href":"https:\/\/omh-ohcc.ca\/en\/wp-json\/wp\/v2\/categories?post=2530"},{"taxonomy":"post_tag","embeddable":true,"href":"https:\/\/omh-ohcc.ca\/en\/wp-json\/wp\/v2\/tags?post=2530"}],"curies":[{"name":"wp","href":"https:\/\/api.w.org\/{rel}","templated":true}]}}