{"id":2403,"date":"2018-06-17T21:51:23","date_gmt":"2018-06-18T01:51:23","guid":{"rendered":"http:\/\/omh-ohcc.ca\/en\/?p=2403"},"modified":"2018-09-10T20:16:57","modified_gmt":"2018-09-11T00:16:57","slug":"radio-program-on-june-17-2018","status":"publish","type":"post","link":"https:\/\/omh-ohcc.ca\/en\/radio-program-on-june-17-2018\/","title":{"rendered":"Radio program on June 17, 2018"},"content":{"rendered":"<p><strong>Content<\/strong><\/p>\n<ul>\n<li>Hungarian Classical Music<\/li>\n<ul>\n<li>Kod\u00e1ly &#8211; Magyar Rondo (G\u00e1bor Finta)<\/li>\n<li>Zolt\u00e1n Kod\u00e1ly: Magyar Rondo \u2013 Embassy concert (P\u00e9ter Friderikusz, Jan Vojtek)<\/li>\n<\/ul>\n<ul>\n<li>Interview with the artists (G\u00e1bor Finta)<\/li>\n<li>Leos Jan\u00e1cek: Poh\u00e1dka 3rd mt. \u2013 Embassy Concert (P\u00e9ter Friderikusz, Jan Vojtek)<\/li>\n<\/ul>\n<li>Bocskai Radio, Cleveland: Sz\u00f3l\u00e1sok \u00e9s mond\u00e1sok \u2013 \u201eNem lesz bel\u0151le\u201d (Istv\u00e1n Hargitai)<\/li>\n<li>Hortenzia Papp: Roamer \u2013 L\u0151cse, K\u00e9sm\u00e1rk (Zsolt Bede-Fazekas)<\/li>\n<li>OHCC and Community News<\/li>\n<li>Traditional: Mez\u0151s\u00e9gi (Fon\u00f3 zenekar)<\/li>\n<li>Interview with D\u00f3ra Nagy 1st part (Magdolna T\u00f3th, D\u00f3ra Nagy)<\/li>\n<li>Traditional: Mez\u0151s\u00e9gi (Fon\u00f3 zenekar)<\/li>\n<li>Interview with D\u00f3ra Nagy 2nd part (Magdolna T\u00f3th, D\u00f3ra Nagy)<\/li>\n<li>Attila Fias: Cutie (Fias Trio)<\/li>\n<li>Attila Fias, Traditional: Hungarian Folk Song (P\u00e1ros csillag) (Fias Trio)<\/li>\n<\/ul>\n<p><!--Aired version: [sc_embed_player_template1 fileurl=\"\/hang\/radio\/2018\/CHIN-HUN-20180617.mp3\"]--><br \/>\nSubmitted commercial-free program: <div class=\"sc_fancy_player_container\"><!--[if lt IE 9]><script>document.createElement('audio');<\/script><![endif]-->\n<audio class=\"wp-audio-shortcode\" id=\"audio-2403-1\" preload=\"none\" style=\"width: 100%;\" controls=\"controls\"><source type=\"audio\/mpeg\" src=\"\/hang\/radio\/2018\/OMHradio-20180617.mp3?_=1\" \/><a href=\"\/hang\/radio\/2018\/OMHradio-20180617.mp3\">\/hang\/radio\/2018\/OMHradio-20180617.mp3<\/a><\/audio><\/div><\/p>\n","protected":false},"excerpt":{"rendered":"<p>Content Hungarian Classical Music Kod\u00e1ly &#8211; Magyar Rondo (G\u00e1bor Finta) Zolt\u00e1n Kod\u00e1ly: Magyar Rondo \u2013 Embassy concert (P\u00e9ter Friderikusz, Jan Vojtek) Interview with the artists (G\u00e1bor Finta) Leos Jan\u00e1cek: Poh\u00e1dka 3rd mt. \u2013 Embassy Concert (P\u00e9ter Friderikusz, Jan Vojtek) Bocskai Radio, Cleveland: Sz\u00f3l\u00e1sok \u00e9s mond\u00e1sok \u2013 \u201eNem lesz bel\u0151le\u201d (Istv\u00e1n Hargitai) Hortenzia Papp: Roamer \u2013 [&hellip;]<\/p>\n","protected":false},"author":3,"featured_media":0,"comment_status":"closed","ping_status":"closed","sticky":false,"template":"","format":"standard","meta":[],"categories":[27],"tags":[],"views":1321,"_links":{"self":[{"href":"https:\/\/omh-ohcc.ca\/en\/wp-json\/wp\/v2\/posts\/2403"}],"collection":[{"href":"https:\/\/omh-ohcc.ca\/en\/wp-json\/wp\/v2\/posts"}],"about":[{"href":"https:\/\/omh-ohcc.ca\/en\/wp-json\/wp\/v2\/types\/post"}],"author":[{"embeddable":true,"href":"https:\/\/omh-ohcc.ca\/en\/wp-json\/wp\/v2\/users\/3"}],"replies":[{"embeddable":true,"href":"https:\/\/omh-ohcc.ca\/en\/wp-json\/wp\/v2\/comments?post=2403"}],"version-history":[{"count":0,"href":"https:\/\/omh-ohcc.ca\/en\/wp-json\/wp\/v2\/posts\/2403\/revisions"}],"wp:attachment":[{"href":"https:\/\/omh-ohcc.ca\/en\/wp-json\/wp\/v2\/media?parent=2403"}],"wp:term":[{"taxonomy":"category","embeddable":true,"href":"https:\/\/omh-ohcc.ca\/en\/wp-json\/wp\/v2\/categories?post=2403"},{"taxonomy":"post_tag","embeddable":true,"href":"https:\/\/omh-ohcc.ca\/en\/wp-json\/wp\/v2\/tags?post=2403"}],"curies":[{"name":"wp","href":"https:\/\/api.w.org\/{rel}","templated":true}]}}